{"id":10398,"date":"2017-06-05T19:48:47","date_gmt":"2017-06-05T19:48:47","guid":{"rendered":"http:\/\/pldaldia.com\/portada\/?p=10398"},"modified":"2017-06-05T19:48:47","modified_gmt":"2017-06-05T19:48:47","slug":"alburquerque-en-academia-de-jurisprudencia","status":"publish","type":"post","link":"https:\/\/pldaldia.com\/portada\/alburquerque-en-academia-de-jurisprudencia\/","title":{"rendered":"Alburquerque en academia de jurisprudencia"},"content":{"rendered":"<p>La Real Academia<\/p>\n<p>Rafael Alburquerque ex vicepresidente de la Republica,   fue admitido como miembro de honor de la Real Academia de Jurisprudencia y Legislaci\u00f3n de Espa\u00f1a, en una solemne ceremonia celebrada este lunes 5 de junio en Madrid en la sede de esa prestigiosa instituci\u00f3n.<\/p>\n<p>La Academia creada en 1730 integra en su seno a cuarenta juristas espa\u00f1oles de reconocida nombrad\u00eda, dedicados al estudio, ense\u00f1anza y aplicaci\u00f3n de las diversas ramas de las Ciencias Jur\u00eddicas.<br \/>\nTiene como fines la investigaci\u00f3n y la pr\u00e1ctica del Derecho y de sus ciencias auxiliares, debiendo, adem\u00e1s, contribuir a las reformas y progresos de la legislaci\u00f3n espa\u00f1ola.<br \/>\nUn despacho de la Secretar\u00eda de Comunicaciones del PLD difunde la noticia de la admisi\u00f3n del jurista laboralista, Rafael Alburquerque, en la Real Academia de Jurisprudencia y Legislaci\u00f3n de Espa\u00f1a<br \/>\nEl reconocimiento al doctor Rafael Alburquerque, est\u00e1 fundamentado en sus aportes al Derecho del Trabajo y su labor de investigaci\u00f3n acad\u00e9mica de largos a\u00f1os en el pa\u00eds y en el extranjero.<\/p>\n<p>De Republica Dominicana se inscribe solo como miembro de honor de la reputada academia de juristas, Rafael Francisco Alburquerque de Castro, nombrado por el Pleno de dicho organismo.<\/p>\n","protected":false},"excerpt":{"rendered":"<p>La Real Academia Rafael Alburquerque ex vicepresidente de la Republica, fue admitido como miembro de honor de la Real Academia de Jurisprudencia y Legislaci\u00f3n de Espa\u00f1a, en una solemne ceremonia celebrada este lunes 5 de junio en Madrid en la sede de esa prestigiosa instituci\u00f3n. La Academia creada en 1730 integra en su seno a [&hellip;]<\/p>\n","protected":false},"author":1,"featured_media":0,"comment_status":"closed","ping_status":"closed","sticky":false,"template":"","format":"standard","meta":{"tdm_status":"","tdm_grid_status":"","footnotes":""},"categories":[9],"tags":[],"_links":{"self":[{"href":"https:\/\/pldaldia.com\/portada\/wp-json\/wp\/v2\/posts\/10398"}],"collection":[{"href":"https:\/\/pldaldia.com\/portada\/wp-json\/wp\/v2\/posts"}],"about":[{"href":"https:\/\/pldaldia.com\/portada\/wp-json\/wp\/v2\/types\/post"}],"author":[{"embeddable":true,"href":"https:\/\/pldaldia.com\/portada\/wp-json\/wp\/v2\/users\/1"}],"replies":[{"embeddable":true,"href":"https:\/\/pldaldia.com\/portada\/wp-json\/wp\/v2\/comments?post=10398"}],"version-history":[{"count":0,"href":"https:\/\/pldaldia.com\/portada\/wp-json\/wp\/v2\/posts\/10398\/revisions"}],"wp:attachment":[{"href":"https:\/\/pldaldia.com\/portada\/wp-json\/wp\/v2\/media?parent=10398"}],"wp:term":[{"taxonomy":"category","embeddable":true,"href":"https:\/\/pldaldia.com\/portada\/wp-json\/wp\/v2\/categories?post=10398"},{"taxonomy":"post_tag","embeddable":true,"href":"https:\/\/pldaldia.com\/portada\/wp-json\/wp\/v2\/tags?post=10398"}],"curies":[{"name":"wp","href":"https:\/\/api.w.org\/{rel}","templated":true}]}}