{"id":10401,"date":"2017-06-06T02:10:25","date_gmt":"2017-06-06T02:10:25","guid":{"rendered":"http:\/\/pldaldia.com\/portada\/?p=10401"},"modified":"2017-06-06T02:10:25","modified_gmt":"2017-06-06T02:10:25","slug":"reinaldo-confirma-encuentro","status":"publish","type":"post","link":"https:\/\/pldaldia.com\/portada\/reinaldo-confirma-encuentro\/","title":{"rendered":"Reinaldo confirma encuentro"},"content":{"rendered":"<p>Secretario General del PLD dice solidaridad del Partido con sus compa\u00f1eros encarcelados ha estado presente.<\/p>\n<p>Reinaldo Pared P\u00e9rez, secretario general del Partido de la Liberaci\u00f3n Dominicana (PLD), confirm\u00f3 que particip\u00f3 en una reuni\u00f3n con el presidente Danilo Medina y con el presidente de esa organizaci\u00f3n Leonel Fern\u00e1ndez.<\/p>\n<p>Pared P\u00e9rez dio la informaci\u00f3n a trav\u00e9s de su cuenta de Twitter, en la que tambi\u00e9n destac\u00f3 que esa reuni\u00f3n se produjo luego de una realizada entre Fern\u00e1ndez y \u00e9l.<\/p>\n<p>\u00abLa reuni\u00f3n entre el Pdte., @LeonelFernandez y yo se debi\u00f3 a los efectos de un encuentro el s\u00e1bado entre @LeonelFernandez y yo. Nadie sab\u00eda\u00bb, escribi\u00f3 el tambi\u00e9n presidente del Senado, en un \u00fanico twiit.<\/p>\n<p>En los medios de comunicaci\u00f3n trascendi\u00f3 que el Presidente Danilo Medina, el ex Presidente Leonel Fern\u00e1ndez, Presidente del PLD y Reinaldo Pared Perez, secretario general, se hab\u00eda producido una reuni\u00f3n, la que Pared Perez confirm\u00f3 con el escrito en redes sociales.<\/p>\n<p>En otras oportunidades Reinaldo Pared Perez, como secretario general ha opinado que consulta al Presidente del PLD, Leonel Fern\u00e1ndez, al de la Republica, Danilo Medina, sobre la convocatoria al Comit\u00e9 Pol\u00edtico, como se ha planteado en la actualidad.<\/p>\n<p>En otro twit Reinaldo Pared Perez le sali\u00f3 al frente a una publicaci\u00f3n matutina en la que se afirma que visit\u00f3 a sus compa\u00f1eros de Partido, encarcelados en el palacio de Justicia de Ciudad Nueva, porque supuestamente Temistocles Mont\u00e1s lo requiri\u00f3 .<\/p>\n<p>\u201cNo es como dice Hoy ( refiri\u00e9ndose al peri\u00f3dico de la Avenida San Mart\u00edn) Monchi Fadul y yo fuimos los primeros dos miembros del CP que visitamos a los cros. Detenidos el martes\u201d escribi\u00f3 el secretario general del PLD .<\/p>\n<p>A seguidas hizo saber que la solidaridad es un compotamento que ha tenido presente en su Partido y con allegados: \u201cmi solidaridad y defensa por los cros y el #PLD nunca ha estado en duda ni en discusi\u00f3n en toda circunstancia. Est\u00e1n los hechos\u201d escribi\u00f3.<\/p>\n","protected":false},"excerpt":{"rendered":"<p>Secretario General del PLD dice solidaridad del Partido con sus compa\u00f1eros encarcelados ha estado presente. Reinaldo Pared P\u00e9rez, secretario general del Partido de la Liberaci\u00f3n Dominicana (PLD), confirm\u00f3 que particip\u00f3 en una reuni\u00f3n con el presidente Danilo Medina y con el presidente de esa organizaci\u00f3n Leonel Fern\u00e1ndez. Pared P\u00e9rez dio la informaci\u00f3n a trav\u00e9s de [&hellip;]<\/p>\n","protected":false},"author":1,"featured_media":0,"comment_status":"closed","ping_status":"closed","sticky":false,"template":"","format":"standard","meta":{"tdm_status":"","tdm_grid_status":"","footnotes":""},"categories":[9],"tags":[],"_links":{"self":[{"href":"https:\/\/pldaldia.com\/portada\/wp-json\/wp\/v2\/posts\/10401"}],"collection":[{"href":"https:\/\/pldaldia.com\/portada\/wp-json\/wp\/v2\/posts"}],"about":[{"href":"https:\/\/pldaldia.com\/portada\/wp-json\/wp\/v2\/types\/post"}],"author":[{"embeddable":true,"href":"https:\/\/pldaldia.com\/portada\/wp-json\/wp\/v2\/users\/1"}],"replies":[{"embeddable":true,"href":"https:\/\/pldaldia.com\/portada\/wp-json\/wp\/v2\/comments?post=10401"}],"version-history":[{"count":0,"href":"https:\/\/pldaldia.com\/portada\/wp-json\/wp\/v2\/posts\/10401\/revisions"}],"wp:attachment":[{"href":"https:\/\/pldaldia.com\/portada\/wp-json\/wp\/v2\/media?parent=10401"}],"wp:term":[{"taxonomy":"category","embeddable":true,"href":"https:\/\/pldaldia.com\/portada\/wp-json\/wp\/v2\/categories?post=10401"},{"taxonomy":"post_tag","embeddable":true,"href":"https:\/\/pldaldia.com\/portada\/wp-json\/wp\/v2\/tags?post=10401"}],"curies":[{"name":"wp","href":"https:\/\/api.w.org\/{rel}","templated":true}]}}