{"id":10404,"date":"2017-06-06T16:11:34","date_gmt":"2017-06-06T16:11:34","guid":{"rendered":"http:\/\/pldaldia.com\/portada\/?p=10404"},"modified":"2017-06-06T16:11:34","modified_gmt":"2017-06-06T16:11:34","slug":"imputados-tienen-arraigo","status":"publish","type":"post","link":"https:\/\/pldaldia.com\/portada\/imputados-tienen-arraigo\/","title":{"rendered":"Imputados tienen arraigo"},"content":{"rendered":"<p>Abogado Miguel Surum Hern\u00e1ndez recuerda que la condici\u00f3n de libertad es regla para ventilar casos penales y que la excepci\u00f3n es la prisi\u00f3n.<\/p>\n<p>El abogado Miguel Surum Hern\u00e1ndez, basado en el art\u00edculo 226 del C\u00f3digo Procesal Penal, record\u00f3 que la condici\u00f3n natural para ventilar acusaciones penales es la libertad y que la excepci\u00f3n es la prisi\u00f3n.<\/p>\n<p>Consultado en su condici\u00f3n de profesional del derecho por la Secretar\u00eda de Comunicaciones del PLD para sus diferentes medios, Hern\u00e1ndez a t\u00edtulo personal, dijo que el arraigo de los imputados es lo que debe confirmar el juez de instrucci\u00f3n para conocer de la medida de coerci\u00f3n.<\/p>\n<p>\u201cEl arraigo se determina por las ra\u00edces, la ascendencia que tenga una persona en la sociedad, que lo imposibiliten a evadir el proceso, es decir el peligro de fuga\u201d, declar\u00f3 el abogado para apreciar que los imputados en el caso de los supuestos sobornos de la empresa Obdebrecht, pudieran ser procesados con otra medida de coerci\u00f3n, que no sea la prisi\u00f3n.<\/p>\n<p>El C\u00f3digo Procesal Penal incluye garant\u00eda econ\u00f3mica, prohibici\u00f3n de salir sin autorizaci\u00f3n del pa\u00eds, obligaci\u00f3n de presentarse peri\u00f3dicamente ante el juez, colocaci\u00f3n de localizadores electr\u00f3nicos, entre otras medidas de coerci\u00f3n.<\/p>\n<p>Hern\u00e1ndez dijo que en este caso debe primar la presunci\u00f3n de inocencia, que es un principio constitucional, por lo que los imputados deben ser tratados como inocentes hasta que se demuestre lo contrario.<\/p>\n<p>\u201cSer tratados como tales (inocentes) implica que la actividades que realice el imputado no puedan ser entorpecida por un proceso\u201d, coment\u00f3 el profesional del derecho.<\/p>\n<p>En otro orden el jurista Miguel Surum Hern\u00e1ndez reflexion\u00f3 sobre este tipo de caso ventilado en la justicia, cierta relevancia, los que se mediatizan<\/p>\n<p>\u201cCuando se mediatizan, eso constituye un elemento extra\u00f1o al proceso que termina influenciando, no solamente al juez, tambi\u00e9n lo hace con el Ministerio Publico y entonces viene las injusticias\u201d, adujo.<\/p>\n<p>Reiter\u00f3 tambi\u00e9n su reclamo para que se cumpla con el debido proceso de Ley incluyendo la solemnidad de la audiencia.<\/p>\n","protected":false},"excerpt":{"rendered":"<p>Abogado Miguel Surum Hern\u00e1ndez recuerda que la condici\u00f3n de libertad es regla para ventilar casos penales y que la excepci\u00f3n es la prisi\u00f3n. El abogado Miguel Surum Hern\u00e1ndez, basado en el art\u00edculo 226 del C\u00f3digo Procesal Penal, record\u00f3 que la condici\u00f3n natural para ventilar acusaciones penales es la libertad y que la excepci\u00f3n es la [&hellip;]<\/p>\n","protected":false},"author":1,"featured_media":0,"comment_status":"closed","ping_status":"closed","sticky":false,"template":"","format":"standard","meta":{"tdm_status":"","tdm_grid_status":"","footnotes":""},"categories":[9],"tags":[],"_links":{"self":[{"href":"https:\/\/pldaldia.com\/portada\/wp-json\/wp\/v2\/posts\/10404"}],"collection":[{"href":"https:\/\/pldaldia.com\/portada\/wp-json\/wp\/v2\/posts"}],"about":[{"href":"https:\/\/pldaldia.com\/portada\/wp-json\/wp\/v2\/types\/post"}],"author":[{"embeddable":true,"href":"https:\/\/pldaldia.com\/portada\/wp-json\/wp\/v2\/users\/1"}],"replies":[{"embeddable":true,"href":"https:\/\/pldaldia.com\/portada\/wp-json\/wp\/v2\/comments?post=10404"}],"version-history":[{"count":0,"href":"https:\/\/pldaldia.com\/portada\/wp-json\/wp\/v2\/posts\/10404\/revisions"}],"wp:attachment":[{"href":"https:\/\/pldaldia.com\/portada\/wp-json\/wp\/v2\/media?parent=10404"}],"wp:term":[{"taxonomy":"category","embeddable":true,"href":"https:\/\/pldaldia.com\/portada\/wp-json\/wp\/v2\/categories?post=10404"},{"taxonomy":"post_tag","embeddable":true,"href":"https:\/\/pldaldia.com\/portada\/wp-json\/wp\/v2\/tags?post=10404"}],"curies":[{"name":"wp","href":"https:\/\/api.w.org\/{rel}","templated":true}]}}