{"id":10407,"date":"2017-06-06T18:11:12","date_gmt":"2017-06-06T18:11:12","guid":{"rendered":"http:\/\/pldaldia.com\/portada\/?p=10407"},"modified":"2017-06-06T18:11:12","modified_gmt":"2017-06-06T18:11:12","slug":"respondera-imputaciones","status":"publish","type":"post","link":"https:\/\/pldaldia.com\/portada\/respondera-imputaciones\/","title":{"rendered":"Responder\u00e1 imputaciones"},"content":{"rendered":"<p>Tommy Gal\u00e1n considera que acusaci\u00f3n en su contra est\u00e1 cargada de mentiras y falsedades<\/p>\n<p>El senador Tommy Gal\u00e1n, miembro del Comit\u00e9 Central del Partido de la Liberaci\u00f3n Dominicana (PLD), declar\u00f3 que va a responder cada una de las imputaciones en su contra elaboradas por la Procuradur\u00eda General de la Republica que lo acusa de recibir sobornos de la constructora Odebrecht.<\/p>\n<p>El senador de la provincia San Crist\u00f3bal produjo sus declaraciones al ser abordado por la prensa a media ma\u00f1ana a su llegada al Palacio de Justicia del Centro de los H\u00e9roes , previo al reinicio de la audiencia que estaba fijada para la 10:00 de la ma\u00f1ana.<\/p>\n<p>\u201cNosotros vamos a contestar todas y cada una de las mentiras, de las falsedades, de las manipulaciones, de las tergiversaciones maliciosas que est\u00e1n contenidas en el acta de acusaci\u00f3n del Ministerio P\u00fablico en nuestra contra\u201d, expres\u00f3 Gal\u00e1n.<\/p>\n<p>El legislador manifest\u00f3 que est\u00e1 tranquilo y seguro de que conseguir\u00e1 la absoluci\u00f3n total del expediente acusatorio. \u201cTengan la seguridad que estamos tranquilos, estamos en paz\u201d.<\/p>\n<p>Asegur\u00f3 que va a lograr la inadmisibilidad y la absoluci\u00f3n total del expediente no solo por la carencia evidente de ninguna prueba, \u201csino por mi inocencia leg\u00edtima y plena de ser un hombre inocente de todos los aspectos que est\u00e1n ah\u00ed\u201d<br \/>\nReiter\u00f3 que en su debido momento dar\u00e1 explicaciones de cada uno de los puntos que le imputa el Ministerio P\u00fablico acus\u00e1ndolo de recibir sobornos de parte de la compa\u00f1\u00eda Odebrecht.<\/p>\n<p>Previo emiti\u00f3 unas declaraciones por escrito en la que dijo que el expediente acusatorio en su contra de la Procuradur\u00eda General de la Rep\u00fablica vincul\u00e1ndolo al caso de soborno de Odebrecht no es sustentable en el derecho, por las falsedades y manipulaciones de cifras y datos que presenta.<\/p>\n<p>El l senador por provincia San Crist\u00f3bal expres\u00f3 que su defensa la asumir\u00e1 bajo el principio de la seguridad absoluta de absoluci\u00f3n total de cargos, por su plena y absoluta inocencia de los derechos mencionados.<\/p>\n<p>\u201cVoy a demostrar todas y cada una de las falsedades, manipulaciones, tergiversaciones maliciosas contenidas en el acta de acusaci\u00f3n del ministerio p\u00fablico en mi contra.<\/p>\n<p>Fui de los primeros en presentarme ante el juez de la Suprema Corte de Justicia, Francisco Ortega Polanco, aun teniendo inmunidad parlamentaria y sin ser citado, convencido de mi inocencia\u201d, subray\u00f3 Gal\u00e1n.<\/p>\n<p>Asegur\u00f3 que las acusaciones en el expediente de Odebrecht son un agravio a la moral y la honestidad al que ha sido objeto, lo que compromete gravemente su figura p\u00fablica y personal, \u00abla que defender\u00e9 hasta las \u00faltimas consecuencias y por eso pido que se profundice hasta mi desagravio\u00bb.<\/p>\n<p>\u201cSoy el primero y el m\u00e1s interesado en defender mi honor y esta acusaci\u00f3n sin fundamentos legales ni probatorios es una afrenta para m\u00ed, mi familia, mi pueblo San Crist\u00f3bal, a quienes demostrar\u00e9 con valent\u00eda y decisi\u00f3n que son falsas las imputaciones, destac\u00f3.<\/p>\n<p>Agradeciendo la solidaridad de la clase pol\u00edtica, instituciones de la sociedad y a las personas humildes de San Crist\u00f3bal que le han expresado su apoyo y ofrecido testimonio de su honorabilidad hoja de servicio en bien de la sociedad.<br \/>\nReiter\u00f3 que \u201cno he recibido sobornos de la multinacional empresa de la construcci\u00f3n brasile\u00f1a Odebrecht ni de personas f\u00edsicas ni de ninguna otra instituci\u00f3n durante el ejercicio en el Congreso. Como funcionario p\u00fablico y como congresista siempre he hecho declaraciones jurada de bienes para la C\u00e1mara de Cuentas de la Rep\u00fablica Dominicana, a\u00f1os tras a\u00f1os, la \u00faltima el pasado 16 de agosto del 2016, a la vista del Ministerio P\u00fablico y el pueblo dominicano interesado en conocer la verdad\u201d.<\/p>\n<p>Indic\u00f3 que asistir\u00e1 a cualquier escenario a defender su honor y demostrar su inocencia, con o sin inmunidad parlamentaria, \u201cporque la verdad es como el corcho que siempre sale a flote\u00bb.<\/p>\n<p>Destac\u00f3 que el Ministerio P\u00fablico puede accesar a la informaci\u00f3n que detalla la naturaleza de sus bienes que conforman su patrimonio econ\u00f3mico, as\u00ed como las cuentas bancarias en las que se encuentran depositados en la C\u00e1mara de Cuentas y en el Congreso.<\/p>\n","protected":false},"excerpt":{"rendered":"<p>Tommy Gal\u00e1n considera que acusaci\u00f3n en su contra est\u00e1 cargada de mentiras y falsedades El senador Tommy Gal\u00e1n, miembro del Comit\u00e9 Central del Partido de la Liberaci\u00f3n Dominicana (PLD), declar\u00f3 que va a responder cada una de las imputaciones en su contra elaboradas por la Procuradur\u00eda General de la Republica que lo acusa de recibir [&hellip;]<\/p>\n","protected":false},"author":1,"featured_media":0,"comment_status":"closed","ping_status":"closed","sticky":false,"template":"","format":"standard","meta":{"tdm_status":"","tdm_grid_status":"","footnotes":""},"categories":[9],"tags":[],"_links":{"self":[{"href":"https:\/\/pldaldia.com\/portada\/wp-json\/wp\/v2\/posts\/10407"}],"collection":[{"href":"https:\/\/pldaldia.com\/portada\/wp-json\/wp\/v2\/posts"}],"about":[{"href":"https:\/\/pldaldia.com\/portada\/wp-json\/wp\/v2\/types\/post"}],"author":[{"embeddable":true,"href":"https:\/\/pldaldia.com\/portada\/wp-json\/wp\/v2\/users\/1"}],"replies":[{"embeddable":true,"href":"https:\/\/pldaldia.com\/portada\/wp-json\/wp\/v2\/comments?post=10407"}],"version-history":[{"count":0,"href":"https:\/\/pldaldia.com\/portada\/wp-json\/wp\/v2\/posts\/10407\/revisions"}],"wp:attachment":[{"href":"https:\/\/pldaldia.com\/portada\/wp-json\/wp\/v2\/media?parent=10407"}],"wp:term":[{"taxonomy":"category","embeddable":true,"href":"https:\/\/pldaldia.com\/portada\/wp-json\/wp\/v2\/categories?post=10407"},{"taxonomy":"post_tag","embeddable":true,"href":"https:\/\/pldaldia.com\/portada\/wp-json\/wp\/v2\/tags?post=10407"}],"curies":[{"name":"wp","href":"https:\/\/api.w.org\/{rel}","templated":true}]}}