{"id":10410,"date":"2017-06-07T16:21:06","date_gmt":"2017-06-07T16:21:06","guid":{"rendered":"http:\/\/pldaldia.com\/portada\/?p=10410"},"modified":"2017-06-07T16:21:06","modified_gmt":"2017-06-07T16:21:06","slug":"explica-procedimientos","status":"publish","type":"post","link":"https:\/\/pldaldia.com\/portada\/explica-procedimientos\/","title":{"rendered":"Explica procedimientos"},"content":{"rendered":"<p>Julio C\u00e9sar Valent\u00edn declara a la SCJ que no se convertir\u00e1 en obst\u00e1culo para que se haga justicia<\/p>\n<p>El senador Julio C\u00e9sar Valent\u00edn, miembro del Comit\u00e9 Pol\u00edtico del Partido de la Liberaci\u00f3n Dominicana (PLD), al igual que lo hizo ante el Ministerio Publico, cuando se le cit\u00f3, se manifest\u00f3 a disposici\u00f3n de la justicia para que la verdad resplandezca en el caso de los supuestos sobornos de la constructora Odebrecht en el cual es imputado al igual que unas trece personas que incluyen funcionarios, ex funcionarios, otros congresistas y empresarios.<\/p>\n<p>\u201cQuiero dar la certeza, garant\u00eda de que estar\u00e9 presente en todo el proceso, como he estado, incluso sin haber sido citado y que no ser\u00e9 obst\u00e1culo para el proceso, porque soy el m\u00e1s interesado en que se esclarezca\u201d, dijo Valent\u00edn pr\u00f3ximo a la media noche del martes al hablar ante el juez de Instrucci\u00f3n Especial de la Suprema Corte de Justicia, Francisco Ortega Polanco, quien ofreci\u00f3 la oportunidad de agotar turnos a los imputados durante la audiencia de conocimiento de medidas de coerci\u00f3n realizada en una prolongada jornada.<\/p>\n<p>En la breve intervenci\u00f3n el Senador por la provincia Santiago hizo algunas precisiones sobre el procedimiento legislativo para la aprobaci\u00f3n de proyectos, en el que el voto del congresista es individual e indelegable, deteni\u00e9ndose a explicar que los presidentes de los hemiciclos no son los que aprueban los proyectos y resoluciones, sino el plenario.<\/p>\n<p>\u201cEs incorrecto decir que Valent\u00edn aprob\u00f3. Las aprobaciones responden a una decisi\u00f3n de naturaleza colegiada\u201d, declar\u00f3 el Senador Julio C\u00e9sar Valent\u00edn dirigi\u00e9ndose al magistrado Juez de la Suprema Corte de Justicia.<\/p>\n<p>Explic\u00f3 tambi\u00e9n que es una responsabilidad de quien preside las c\u00e1maras someter al debate los temas en consideraci\u00f3n, como lo hizo en su paso por la Presidencia de la C\u00e1mara de Diputados.<\/p>\n<p>\u201cTengo el convencimiento de que uno de los peores males del pa\u00eds y, quiz\u00e1s de la regi\u00f3n, es el tema de la corrupci\u00f3n\u201d, declar\u00f3 el Senador Julio C\u00e9sar Valent\u00edn, citando iniciativas legales aprobadas y en funcionamiento que ha provenido de su quehacer como congresista, primero como diputado y en los dos \u00faltimos per\u00edodos como Senador.<\/p>\n<p>\u201cEspero que al final de este proceso poder mirar a los ojos, como lo miro a usted, mirar a mis electores, a mis ciudadanos, no con verg\u00fcenza, porque entiendo he obrado conforme a la ley\u201d, fue la expresi\u00f3n usada para cerrar su intervenci\u00f3n, seg\u00fan lo rese\u00f1a el PLD en un despacho de su Secretar\u00eda de Comunicaciones.<\/p>\n<p>El juez Francisco Ortega de la Suprema Corte asegur\u00f3 que la tarde de este mi\u00e9rcoles a las cuatro horas, emitir\u00e1 el fallo sobre la petici\u00f3n de prisi\u00f3n preventiva contra los imputados en el caso de los supuestos sobornos de Odebrecht.<\/p>\n","protected":false},"excerpt":{"rendered":"<p>Julio C\u00e9sar Valent\u00edn declara a la SCJ que no se convertir\u00e1 en obst\u00e1culo para que se haga justicia El senador Julio C\u00e9sar Valent\u00edn, miembro del Comit\u00e9 Pol\u00edtico del Partido de la Liberaci\u00f3n Dominicana (PLD), al igual que lo hizo ante el Ministerio Publico, cuando se le cit\u00f3, se manifest\u00f3 a disposici\u00f3n de la justicia para [&hellip;]<\/p>\n","protected":false},"author":1,"featured_media":0,"comment_status":"closed","ping_status":"closed","sticky":false,"template":"","format":"standard","meta":{"tdm_status":"","tdm_grid_status":"","footnotes":""},"categories":[9],"tags":[],"_links":{"self":[{"href":"https:\/\/pldaldia.com\/portada\/wp-json\/wp\/v2\/posts\/10410"}],"collection":[{"href":"https:\/\/pldaldia.com\/portada\/wp-json\/wp\/v2\/posts"}],"about":[{"href":"https:\/\/pldaldia.com\/portada\/wp-json\/wp\/v2\/types\/post"}],"author":[{"embeddable":true,"href":"https:\/\/pldaldia.com\/portada\/wp-json\/wp\/v2\/users\/1"}],"replies":[{"embeddable":true,"href":"https:\/\/pldaldia.com\/portada\/wp-json\/wp\/v2\/comments?post=10410"}],"version-history":[{"count":0,"href":"https:\/\/pldaldia.com\/portada\/wp-json\/wp\/v2\/posts\/10410\/revisions"}],"wp:attachment":[{"href":"https:\/\/pldaldia.com\/portada\/wp-json\/wp\/v2\/media?parent=10410"}],"wp:term":[{"taxonomy":"category","embeddable":true,"href":"https:\/\/pldaldia.com\/portada\/wp-json\/wp\/v2\/categories?post=10410"},{"taxonomy":"post_tag","embeddable":true,"href":"https:\/\/pldaldia.com\/portada\/wp-json\/wp\/v2\/tags?post=10410"}],"curies":[{"name":"wp","href":"https:\/\/api.w.org\/{rel}","templated":true}]}}