{"id":10413,"date":"2017-06-07T17:36:04","date_gmt":"2017-06-07T17:36:04","guid":{"rendered":"http:\/\/pldaldia.com\/portada\/?p=10413"},"modified":"2017-06-07T17:36:04","modified_gmt":"2017-06-07T17:36:04","slug":"comprometido-con-el-pais","status":"publish","type":"post","link":"https:\/\/pldaldia.com\/portada\/comprometido-con-el-pais\/","title":{"rendered":"Comprometido con el pa\u00eds"},"content":{"rendered":"<p>Temo Mont\u00e1s conf\u00eda que la justicia le limpie del lodazal en que le ha introducido el ministerio p\u00fablico\u201d.<\/p>\n<p>Juan Tem\u00edstocles Mont\u00e1s, miembro del Comit\u00e9 Pol\u00edtico del Partido de la Liberaci\u00f3n Dominicana, dijo que est\u00e1 comprometido con que el caso de los supuestos sobornos de la constructora brasile\u00f1a Odebrecht en el pa\u00eds, llegue hasta las \u00faltimas consecuencias.<\/p>\n<p>\u201cEspero de todo esto es, que al final el pueblo dominicano, los amigos que tengo a nivel internacional que me han estado llamando preocupados por esta situaci\u00f3n, la justicia dominicana me limpie del lodazar que me ha querido introducir el ministerio p\u00fablico\u201d, coment\u00f3 Tem\u00edstocles Mont\u00e1s al pronunciar unas palabras al final de la vista realizada al filo de la media noche del martes al hablar ante el juez de Instrucci\u00f3n Especial de la Suprema Corte de Justicia, Francisco Ortega Polanco, quien ofreci\u00f3 la oportunidad de agotar turnos a los imputados durante la audiencia de conocimiento de medidas de coerci\u00f3n realizada en una prolongada jornada.<\/p>\n<p>Mont\u00e1s reiter\u00f3 lo que manifest\u00f3 su barra de defensa de que no representa peligro de fuga y, que ante al contrario, \u201chay que matarlo en la Rep\u00fablica Dominicana\u201d.<\/p>\n<p>El Ministro de Industria y Comercio le habl\u00f3 tambi\u00e9n al juez de sus aportes a la seguridad social, la capitalizaci\u00f3n de las empresas p\u00fablicas, la Estrategia Nacional de Desarrollo y sus negociaciones con el Fondo Monetario Internacional, como acciones favor del crecimiento institucional del Pa\u00eds.<\/p>\n<p>Entiende que con la imputaci\u00f3n de hechos, el Ministerio P\u00fablico lo ha \u201cenlodado\u201d al acusarle de cargos como presunto sobornado por la empresa brasile\u00f1a Odebrecht.<\/p>\n<p>\u201cYo no esperaba que se me enlodara como se me ha enlodado. He dedicado toda mi vida a tratar de cuidar mi imagen de ciudadano honesto. He vivido de lo que he ganado. Si yo me hubiese dedicado al ejercicio de mi profesi\u00f3n, escr\u00edbalo, yo ser\u00eda hoy millonario, pero decid\u00ed dedicarme al ejercicio de la pol\u00edtica\u201d, le dijo Mont\u00e1s en el tribunal.<\/p>\n<p>Manifest\u00f3 que con su ejercicio pol\u00edtico ha \u201ccontribuido en la medida de lo posible, porque las grandes transformaciones que se han producido en este pa\u00eds a lo largo de los \u00faltimos 25 a\u00f1os, no se podr\u00e1n escribir sin mencionar el nombre de Juan Tem\u00edstocles Mont\u00e1s\u201d.<\/p>\n<p>\u201cSi hay uno que est\u00e1 dispuesto a que esto llegue hasta las \u00faltimas consecuencias, soy yo. Porque lo que yo espero de todo esto es que al final el pueblo dominicano, los amigos que tengo a nivel internacional, que me han estado llamando preocupados por esta situaci\u00f3n; la justicia dominicana me limpie del lodazal que me ha querido introducir el Ministerio P\u00fablico\u201c, concluy\u00f3.<\/p>\n<p>El dirigente pol\u00edtico fue apresado en su residencia el pasado lunes 29 de mayo y la tarde de este mi\u00e9rcoles deber\u00e1 regresar ante el juez para escuchar el fallo sobre las medidas de coerci\u00f3n que ha solicitado el Ministerio P\u00fablico contra todos los implicados en el caso Odebrecht. La defensa de Mont\u00e1s atac\u00f3 el pedimento del Ministerio Publico, reclamando la libertad de su apoderado.<\/p>\n","protected":false},"excerpt":{"rendered":"<p>Temo Mont\u00e1s conf\u00eda que la justicia le limpie del lodazal en que le ha introducido el ministerio p\u00fablico\u201d. Juan Tem\u00edstocles Mont\u00e1s, miembro del Comit\u00e9 Pol\u00edtico del Partido de la Liberaci\u00f3n Dominicana, dijo que est\u00e1 comprometido con que el caso de los supuestos sobornos de la constructora brasile\u00f1a Odebrecht en el pa\u00eds, llegue hasta las \u00faltimas [&hellip;]<\/p>\n","protected":false},"author":1,"featured_media":0,"comment_status":"closed","ping_status":"closed","sticky":false,"template":"","format":"standard","meta":{"tdm_status":"","tdm_grid_status":"","footnotes":""},"categories":[9],"tags":[],"_links":{"self":[{"href":"https:\/\/pldaldia.com\/portada\/wp-json\/wp\/v2\/posts\/10413"}],"collection":[{"href":"https:\/\/pldaldia.com\/portada\/wp-json\/wp\/v2\/posts"}],"about":[{"href":"https:\/\/pldaldia.com\/portada\/wp-json\/wp\/v2\/types\/post"}],"author":[{"embeddable":true,"href":"https:\/\/pldaldia.com\/portada\/wp-json\/wp\/v2\/users\/1"}],"replies":[{"embeddable":true,"href":"https:\/\/pldaldia.com\/portada\/wp-json\/wp\/v2\/comments?post=10413"}],"version-history":[{"count":0,"href":"https:\/\/pldaldia.com\/portada\/wp-json\/wp\/v2\/posts\/10413\/revisions"}],"wp:attachment":[{"href":"https:\/\/pldaldia.com\/portada\/wp-json\/wp\/v2\/media?parent=10413"}],"wp:term":[{"taxonomy":"category","embeddable":true,"href":"https:\/\/pldaldia.com\/portada\/wp-json\/wp\/v2\/categories?post=10413"},{"taxonomy":"post_tag","embeddable":true,"href":"https:\/\/pldaldia.com\/portada\/wp-json\/wp\/v2\/tags?post=10413"}],"curies":[{"name":"wp","href":"https:\/\/api.w.org\/{rel}","templated":true}]}}