{"id":10416,"date":"2017-06-07T17:38:32","date_gmt":"2017-06-07T17:38:32","guid":{"rendered":"http:\/\/pldaldia.com\/portada\/?p=10416"},"modified":"2017-06-07T17:38:32","modified_gmt":"2017-06-07T17:38:32","slug":"enfrenta-acusaciones-de-m-p","status":"publish","type":"post","link":"https:\/\/pldaldia.com\/portada\/enfrenta-acusaciones-de-m-p\/","title":{"rendered":"Enfrenta acusaciones de M.P."},"content":{"rendered":"<p><em>V\u00edctor D\u00edaz R\u00faa hace las aclaraciones correspondientes sobre sus bienes y obras realizadas en su calidad de funcionario.<\/em><\/p>\n<p><strong>V\u00edctor D\u00edaz R\u00faa<\/strong>, miembro del Comit\u00e9 Central del Partido de la Liberaci\u00f3n Dominicana (PLD), \u00a0\u00a0aclar\u00f3 en la audiencia realizada en la Suprema Corte de Justicia este martes, que su empresa no estaba quebrada cuando entr\u00f3 a formar parte del gobierno en el a\u00f1o 2004, como insinu\u00f3 el Ministerio Publico al presentar los hechos que le imputan en el caso de los supuestos sobornos de la constructora Obdebrecht.<\/p>\n<p>Asimismo desminti\u00f3 que organizara una fiesta para celebrar unos supuestos millones alcanzados, considerando la imputaci\u00f3n como una falacia.<\/p>\n<p>Al hablar ante el juez de Instrucci\u00f3n Especial de la Suprema Corte de Justicia, Francisco Ortega Polanco, quien ofreci\u00f3 la oportunidad de agotar turnos a los imputados\u00a0 durante la audiencia de conocimiento de medidas de coerci\u00f3n realizada en una prolongada jornada. D\u00edaz R\u00faa \u00a0explic\u00f3 que fue el funcionario que m\u00e1s cantidad de dinero\u00a0 declar\u00f3 cuando fue designado funcionario en el a\u00f1o 2004, por lo que en la declaraci\u00f3n jurada que present\u00f3 el Ministerio Publico para imputarle haber recibido soborno, est\u00e1 plagada de \u00a0errores.<\/p>\n<p>Tambi\u00e9n hizo aclaraciones sobre obras que se contrataron con Odebrecht cuando fue director de Inapa y posteriormente como ministro de Obras P\u00fablicas.<\/p>\n<p>Neg\u00f3 rotundamente que haya recibido dinero como soborno del representante de la firma brasile\u00f1a en el\u00a0pa\u00eds, \u00c1ngel Rond\u00f3n.<\/p>\n<p>Sobre el caso de la carretera Casabito-Cosntanza, mencionada en las imputaciones por el Ministerio Publico, \u00a0dijo que utiliz\u00f3 los once millones de d\u00f3lares, que dispon\u00eda la CDEEE para realizar una carretera por un trazo que Medio Ambiente prohibi\u00f3.<\/p>\n<p>\u201cNosotros como ministro de Obras P\u00fablicas no podemos hacer una declaraci\u00f3n de emergencia, la declaraci\u00f3n de emergencia la hace el Presidente de la Rep\u00fablica, y fue el presidente de la Rep\u00fablica que decidi\u00f3 completar la carretera Casabito-Constanza\u201d, aclar\u00f3 D\u00edaz R\u00faa para precisar que no intervino en esa declaratoria.<\/p>\n<p>Los abogados de su defensa negaron la acusaci\u00f3n del Ministerio Publico de enriquecimiento il\u00edcito y reclamaron la puesta en libertad de su patrocinado restando validez a los argumentos de los fiscales y los supuestos documentos presentados.<\/p>\n<p>En sus declaraciones ante el Juez Ortega Polanco, V\u00edctor D\u00edaz R\u00faa record\u00f3 que en su condici\u00f3n de miembro del Comit\u00e9 Central del PLD es el titular de la Secretar\u00eda de Finanzas de esa organizaci\u00f3n y coordinador financiero de m\u00e1s de tres campa\u00f1as electorales de ese Partido.<\/p>\n","protected":false},"excerpt":{"rendered":"<p>V\u00edctor D\u00edaz R\u00faa hace las aclaraciones correspondientes sobre sus bienes y obras realizadas en su calidad de funcionario. V\u00edctor D\u00edaz R\u00faa, miembro del Comit\u00e9 Central del Partido de la Liberaci\u00f3n Dominicana (PLD), \u00a0\u00a0aclar\u00f3 en la audiencia realizada en la Suprema Corte de Justicia este martes, que su empresa no estaba quebrada cuando entr\u00f3 a formar [&hellip;]<\/p>\n","protected":false},"author":1,"featured_media":0,"comment_status":"closed","ping_status":"closed","sticky":false,"template":"","format":"standard","meta":{"tdm_status":"","tdm_grid_status":"","footnotes":""},"categories":[9],"tags":[],"_links":{"self":[{"href":"https:\/\/pldaldia.com\/portada\/wp-json\/wp\/v2\/posts\/10416"}],"collection":[{"href":"https:\/\/pldaldia.com\/portada\/wp-json\/wp\/v2\/posts"}],"about":[{"href":"https:\/\/pldaldia.com\/portada\/wp-json\/wp\/v2\/types\/post"}],"author":[{"embeddable":true,"href":"https:\/\/pldaldia.com\/portada\/wp-json\/wp\/v2\/users\/1"}],"replies":[{"embeddable":true,"href":"https:\/\/pldaldia.com\/portada\/wp-json\/wp\/v2\/comments?post=10416"}],"version-history":[{"count":0,"href":"https:\/\/pldaldia.com\/portada\/wp-json\/wp\/v2\/posts\/10416\/revisions"}],"wp:attachment":[{"href":"https:\/\/pldaldia.com\/portada\/wp-json\/wp\/v2\/media?parent=10416"}],"wp:term":[{"taxonomy":"category","embeddable":true,"href":"https:\/\/pldaldia.com\/portada\/wp-json\/wp\/v2\/categories?post=10416"},{"taxonomy":"post_tag","embeddable":true,"href":"https:\/\/pldaldia.com\/portada\/wp-json\/wp\/v2\/tags?post=10416"}],"curies":[{"name":"wp","href":"https:\/\/api.w.org\/{rel}","templated":true}]}}