{"id":10425,"date":"2017-06-08T01:27:37","date_gmt":"2017-06-08T01:27:37","guid":{"rendered":"http:\/\/pldaldia.com\/portada\/?p=10425"},"modified":"2017-06-08T01:27:37","modified_gmt":"2017-06-08T01:27:37","slug":"con-exito-se-desarrolla-la-sexta-edicion-del-programa-lideres-visitantes-en-washington","status":"publish","type":"post","link":"https:\/\/pldaldia.com\/portada\/con-exito-se-desarrolla-la-sexta-edicion-del-programa-lideres-visitantes-en-washington\/","title":{"rendered":"Con \u00e9xito se desarrolla la sexta edici\u00f3n del programa l\u00edderes visitantes en Washington"},"content":{"rendered":"<p>El embajador dominicano en Washington, Jos\u00e9 Tom\u00e1s P\u00e9rez, calific\u00f3 de \u201cextraordinaria\u201d la Sexta Edici\u00f3n del Programa L\u00edderes Visitantes de la Embajada dominicana en Washington, en la que participaron unos 50 j\u00f3venes dominicanos provenientes de 24 provincias del pa\u00eds \u201clos integrantes de esta edici\u00f3n, la cual estuvo encabezada por el ex ministro de la juventud, Franklin Rodr\u00edguez, quien es el Secretario de la Juventud del PLD (JPLD)<\/p>\n<p>En un comunicado la Embajada Dominicana en Estados Unidos expresa que el Programa L\u00edderes Visitantes es una experiencia transformadora para los j\u00f3venes que tienen la oportunidad de participar.<\/p>\n<p>Con esta sexta edici\u00f3n suman unos doscientos los j\u00f3venes que se han beneficiado desde que el programa fuera lanzado en noviembre del 2015.<\/p>\n<p>La coordinadora del Programa, Angie Mart\u00ednez, explic\u00f3 la agenda acad\u00e9mica y afirm\u00f3 que se trat\u00f3 de una semana llena de aprendizaje gracias a la valiosa colaboraci\u00f3n de m\u00e1s de 20 instituciones que se han constituido en socios claves del programa. \u201cCon el embajador P\u00e9rez nos esforzamos en preparar una agenda acad\u00e9mica de gran contenido\u201d, dijo Mart\u00ednez.<\/p>\n<p>Los j\u00f3venes l\u00edderes interactuaron con los representantes de los dos partidos m\u00e1s importantes de los Estados Unidos: el Republicano y el Dem\u00f3crata. Se les explic\u00f3 sobre sus or\u00edgenes, estructura y filosof\u00eda.<\/p>\n<p>Asimismo, los participantes aprendieron de mano de los representantes dominicanos ante la OEA, BM, FMI y OPS, sobre el rol y el funcionamiento de estas organizaciones y discutieron sobre los desaf\u00edos de la Rep\u00fablica Dominicana de cara a estas importantes instituciones internacionales.<\/p>\n<p>En la OEA fueron recibidos por su secretario general, Luis Almagro, y sostuvieron un conversatorio de gran nivel con el embajador dominicano ante la OEA, Gede\u00f3n Santos.<\/p>\n","protected":false},"excerpt":{"rendered":"<p>El embajador dominicano en Washington, Jos\u00e9 Tom\u00e1s P\u00e9rez, calific\u00f3 de \u201cextraordinaria\u201d la Sexta Edici\u00f3n del Programa L\u00edderes Visitantes de la Embajada dominicana en Washington, en la que participaron unos 50 j\u00f3venes dominicanos provenientes de 24 provincias del pa\u00eds \u201clos integrantes de esta edici\u00f3n, la cual estuvo encabezada por el ex ministro de la juventud, Franklin [&hellip;]<\/p>\n","protected":false},"author":1,"featured_media":0,"comment_status":"closed","ping_status":"closed","sticky":false,"template":"","format":"standard","meta":{"tdm_status":"","tdm_grid_status":"","footnotes":""},"categories":[9],"tags":[],"_links":{"self":[{"href":"https:\/\/pldaldia.com\/portada\/wp-json\/wp\/v2\/posts\/10425"}],"collection":[{"href":"https:\/\/pldaldia.com\/portada\/wp-json\/wp\/v2\/posts"}],"about":[{"href":"https:\/\/pldaldia.com\/portada\/wp-json\/wp\/v2\/types\/post"}],"author":[{"embeddable":true,"href":"https:\/\/pldaldia.com\/portada\/wp-json\/wp\/v2\/users\/1"}],"replies":[{"embeddable":true,"href":"https:\/\/pldaldia.com\/portada\/wp-json\/wp\/v2\/comments?post=10425"}],"version-history":[{"count":0,"href":"https:\/\/pldaldia.com\/portada\/wp-json\/wp\/v2\/posts\/10425\/revisions"}],"wp:attachment":[{"href":"https:\/\/pldaldia.com\/portada\/wp-json\/wp\/v2\/media?parent=10425"}],"wp:term":[{"taxonomy":"category","embeddable":true,"href":"https:\/\/pldaldia.com\/portada\/wp-json\/wp\/v2\/categories?post=10425"},{"taxonomy":"post_tag","embeddable":true,"href":"https:\/\/pldaldia.com\/portada\/wp-json\/wp\/v2\/tags?post=10425"}],"curies":[{"name":"wp","href":"https:\/\/api.w.org\/{rel}","templated":true}]}}