{"id":10441,"date":"2017-06-09T15:18:17","date_gmt":"2017-06-09T15:18:17","guid":{"rendered":"http:\/\/pldaldia.com\/portada\/?p=10441"},"modified":"2017-06-09T15:18:17","modified_gmt":"2017-06-09T15:18:17","slug":"votaciones-de-ingenieros-as-del-pld","status":"publish","type":"post","link":"https:\/\/pldaldia.com\/portada\/votaciones-de-ingenieros-as-del-pld\/","title":{"rendered":"Votaciones de ingenieros (as) del PLD"},"content":{"rendered":"<p>Dignidad Gremial Codiana del PLD escoge hoy las planchas para participar en las pr\u00f3ximas elecciones del CODIA.<\/p>\n<p>La corriente Dignidad Gremial Codiana, orientada por el Partido de la Liberaci\u00f3n Dominicana (PLD) y su Secretar\u00eda de Asuntos Gremiales y Profesionales, confirm\u00f3 la convocatoria para este viernes a las elecciones internas en el Gran Santo Domingo y en todas las provincias para escoger las planchas que participar\u00e1n en las elecciones del Colegio de Ingenieros Arquitectos y Agrimensores (CODIA).<\/p>\n<p>A las diez de la ma\u00f1ana de este d\u00eda iniciar\u00e1n las votaciones en la Casa Nacional del Partido de la Liberaci\u00f3n Dominicana para el Distrito Nacional y la Provincia Santo Domingo y en los locales municipales o provinciales del PLD.<\/p>\n<p><a href=\"http:\/\/pldaldia.com\/portada\/wp-content\/uploads\/2017\/06\/DSC_4506.jpg\" rel=\"attachment wp-att-10443\"><img decoding=\"async\" loading=\"lazy\" class=\"alignnone size-full wp-image-10443\" src=\"http:\/\/pldaldia.com\/portada\/wp-content\/uploads\/2017\/06\/DSC_4506.jpg\" alt=\"DSC_4506\" width=\"640\" height=\"427\" \/><\/a>\u201cCuarenta y seis (46) compa\u00f1eros y compa\u00f1eras estar\u00e1n participando de quienes se elegir\u00e1n cinco candidatos por cada uno de los n\u00facleos que estar\u00e1n en competencia\u201d, explica Jos\u00e9 \u00c1ngel Rodr\u00edguez, Presidente de la Comisi\u00f3n Nacional Electoral, quien organiza la competencia interna de los profesionales de la ingenier\u00eda, miembros del PLD.<\/p>\n<p>Los N\u00facleos que participar\u00e1n son los de ingenieros Civiles, Electromec\u00e1nicos y afines, Qu\u00edmicos, Agr\u00f3nomos, Arquitectos y los Agrimensores.<\/p>\n<p>\u201cSe ha fijado las seis de la tarde como hora de cierre de las votaciones\u201d, declar\u00f3 Jos\u00e9 \u00c1ngel Rodr\u00edguez, presidente de la Comisi\u00f3n Nacional Electoral seleccionada por la Secretar\u00eda de Asuntos Gremiales y profesionales del PLD para arbitrar el proceso.<\/p>\n<p>Rodr\u00edguez invit\u00f3 a los ingenieros, agr\u00f3nomos, arquitectos y agrimensores miembros o dirigentes del PLD, acudir al recinto que le corresponde a ejercer su derecho al voto para consolidar Dignidad Gremial Cidiana y al CODIA.<\/p>\n","protected":false},"excerpt":{"rendered":"<p>Dignidad Gremial Codiana del PLD escoge hoy las planchas para participar en las pr\u00f3ximas elecciones del CODIA. La corriente Dignidad Gremial Codiana, orientada por el Partido de la Liberaci\u00f3n Dominicana (PLD) y su Secretar\u00eda de Asuntos Gremiales y Profesionales, confirm\u00f3 la convocatoria para este viernes a las elecciones internas en el Gran Santo Domingo y [&hellip;]<\/p>\n","protected":false},"author":1,"featured_media":0,"comment_status":"closed","ping_status":"closed","sticky":false,"template":"","format":"standard","meta":{"tdm_status":"","tdm_grid_status":"","footnotes":""},"categories":[9],"tags":[],"_links":{"self":[{"href":"https:\/\/pldaldia.com\/portada\/wp-json\/wp\/v2\/posts\/10441"}],"collection":[{"href":"https:\/\/pldaldia.com\/portada\/wp-json\/wp\/v2\/posts"}],"about":[{"href":"https:\/\/pldaldia.com\/portada\/wp-json\/wp\/v2\/types\/post"}],"author":[{"embeddable":true,"href":"https:\/\/pldaldia.com\/portada\/wp-json\/wp\/v2\/users\/1"}],"replies":[{"embeddable":true,"href":"https:\/\/pldaldia.com\/portada\/wp-json\/wp\/v2\/comments?post=10441"}],"version-history":[{"count":0,"href":"https:\/\/pldaldia.com\/portada\/wp-json\/wp\/v2\/posts\/10441\/revisions"}],"wp:attachment":[{"href":"https:\/\/pldaldia.com\/portada\/wp-json\/wp\/v2\/media?parent=10441"}],"wp:term":[{"taxonomy":"category","embeddable":true,"href":"https:\/\/pldaldia.com\/portada\/wp-json\/wp\/v2\/categories?post=10441"},{"taxonomy":"post_tag","embeddable":true,"href":"https:\/\/pldaldia.com\/portada\/wp-json\/wp\/v2\/tags?post=10441"}],"curies":[{"name":"wp","href":"https:\/\/api.w.org\/{rel}","templated":true}]}}