{"id":10463,"date":"2017-06-08T18:40:17","date_gmt":"2017-06-08T18:40:17","guid":{"rendered":"http:\/\/pldaldia.com\/portada\/?p=10463"},"modified":"2017-06-09T18:42:02","modified_gmt":"2017-06-09T18:42:02","slug":"casacion-de-temer-podria-definirse-esta-semana","status":"publish","type":"post","link":"https:\/\/pldaldia.com\/portada\/casacion-de-temer-podria-definirse-esta-semana\/","title":{"rendered":"Casaci\u00f3n de Temer podr\u00eda definirse esta semana"},"content":{"rendered":"<p> La casaci\u00f3n del mandato del presidente no electo de Brasil, Michel Temer, podr\u00eda definirse esta misma semana en el Tribunal Superior Electoral (TSE), que este jueves reanuda el juzgamiento de la f\u00f3rmula ganadora en las elecciones presidenciales de 2014.<br \/>\nEl hecho que fueran marcadas otras siete sesiones para continuar hasta el s\u00e1bado el an\u00e1lisis de las acciones judiciales presentadas contra Temer y la mandataria constitucional, Dilma Rousseff, por presuntos delitos de abuso de poder econ\u00f3mico y pol\u00edtico, parece indicar que los ministros est\u00e1n listos para decidir, estim\u00f3 Fl\u00e1vio Crocce Caetano.  <\/p>\n<p>Noti resumen internacional<\/p>\n<p>El exdirector del estadounidense Bur\u00f3 Federal de Investigaciones (FBI) James Comey, testificar\u00e1 hoy ante el Comit\u00e9 de Inteligencia del Senado como parte de una pesquisa sobre la supuesta intromisi\u00f3n de Rusia en las \u00faltimas elecciones presidenciales.<br \/>\n\u2026\u2026\u2026\u2026\u2026\u2026\u2026<\/p>\n<p>El primer vicepresidente del Partido Socialista Unido de Venezuela, Diosdado Cabello, rechaz\u00f3 el uso con fines pol\u00edticos por opositores de la muerte del menor Neomar Lander, en una guarimba en el Estado de Miranda.<br \/>\n\u2026\u2026\u2026\u2026\u2026.<br \/>\nEl presidente en ejercicio de Bolivia, \u00c1lvaro Garc\u00eda Linera, insisti\u00f3 en las nefastas consecuencias de la globalizaci\u00f3n neoliberal para los pueblos del mundo.<br \/>\n\u2026\u2026\u2026\u2026\u2026..<\/p>\n<p>La canciller alemana, Angela Merkel, comenzar\u00e1 hoy una visita oficial a Argentina con una intensa agenda que incluir\u00e1 un encuentro con el presidente Mauricio Macri, enfocado en la reuni\u00f3n del G20.<br \/>\n\u2026\u2026\u2026\u2026\u2026<\/p>\n<p>El Consejo de Seguridad de las Naciones Unidas analiza hoy la amenaza terrorista representada por el Estado Isl\u00e1mico (EI) y las acciones para contrarrestarlas.<\/p>\n","protected":false},"excerpt":{"rendered":"<p>La casaci\u00f3n del mandato del presidente no electo de Brasil, Michel Temer, podr\u00eda definirse esta misma semana en el Tribunal Superior Electoral (TSE), que este jueves reanuda el juzgamiento de la f\u00f3rmula ganadora en las elecciones presidenciales de 2014. El hecho que fueran marcadas otras siete sesiones para continuar hasta el s\u00e1bado el an\u00e1lisis de [&hellip;]<\/p>\n","protected":false},"author":1,"featured_media":0,"comment_status":"closed","ping_status":"closed","sticky":false,"template":"","format":"standard","meta":{"tdm_status":"","tdm_grid_status":"","footnotes":""},"categories":[9],"tags":[],"_links":{"self":[{"href":"https:\/\/pldaldia.com\/portada\/wp-json\/wp\/v2\/posts\/10463"}],"collection":[{"href":"https:\/\/pldaldia.com\/portada\/wp-json\/wp\/v2\/posts"}],"about":[{"href":"https:\/\/pldaldia.com\/portada\/wp-json\/wp\/v2\/types\/post"}],"author":[{"embeddable":true,"href":"https:\/\/pldaldia.com\/portada\/wp-json\/wp\/v2\/users\/1"}],"replies":[{"embeddable":true,"href":"https:\/\/pldaldia.com\/portada\/wp-json\/wp\/v2\/comments?post=10463"}],"version-history":[{"count":0,"href":"https:\/\/pldaldia.com\/portada\/wp-json\/wp\/v2\/posts\/10463\/revisions"}],"wp:attachment":[{"href":"https:\/\/pldaldia.com\/portada\/wp-json\/wp\/v2\/media?parent=10463"}],"wp:term":[{"taxonomy":"category","embeddable":true,"href":"https:\/\/pldaldia.com\/portada\/wp-json\/wp\/v2\/categories?post=10463"},{"taxonomy":"post_tag","embeddable":true,"href":"https:\/\/pldaldia.com\/portada\/wp-json\/wp\/v2\/tags?post=10463"}],"curies":[{"name":"wp","href":"https:\/\/api.w.org\/{rel}","templated":true}]}}