{"id":10466,"date":"2017-06-09T18:45:30","date_gmt":"2017-06-09T18:45:30","guid":{"rendered":"http:\/\/pldaldia.com\/portada\/?p=10466"},"modified":"2017-06-09T18:45:30","modified_gmt":"2017-06-09T18:45:30","slug":"la-firmeza-del-pld","status":"publish","type":"post","link":"https:\/\/pldaldia.com\/portada\/la-firmeza-del-pld\/","title":{"rendered":"La firmeza del PLD"},"content":{"rendered":"<p> Alejandrina Germ\u00e1n y Ligia Amada Melo apuntan, que a pesar de los hechos la moral del PLD se mantiene en alto<\/p>\n<p>Alejandrina Germ\u00e1n, Miembro del Comit\u00e9 Pol\u00edtico del Partido de la Liberaci\u00f3n Dominicana y Ligia Amada Melo, del Comit\u00e9 Central, coincidieron en afirmar que esa organizaci\u00f3n seguir\u00e1 firme y buscar\u00e1, como siempre lo ha hecho, las f\u00f3rmulas para mantenerse unidad, en donde est\u00e1 la clave de sus triunfos, pese al caso Odebrecht en el que se han imputado cinco miembros del Comit\u00e9 Central.<\/p>\n<p>\u201cEspero y tengo fe que todo saldr\u00e1 bien. Por supuesto, todo saldr\u00e1 bien, dentro del problema, porque uno sufre viendo sus compa\u00f1eros. Es doloroso\u201d, respondi\u00f3 Melo a la periodista Mar\u00eda Teresa Morel.<\/p>\n<p>Ligia Amada Melo record\u00f3 que a nivel global se atraviesa una etapa de cambios en la que hay que reflexionar mucho, sobre todo ante un hecho que no solamente ocurre en el pa\u00eds, por lo que entiende que la dirigencia de los partidos pol\u00edticos deben tratar de hacerlo mejor.<\/p>\n<p>De su lado Alejandrina Germ\u00e1n explic\u00f3 que el caso de los supuestos sobornos en los que se ha imputado en un expediente judicial  cinco miembros del Comit\u00e9 Central, dentro de  ellos tres del Comit\u00e9 Pol\u00edtico,  no implica que esa organizaci\u00f3n haya perdido los principios y valores que le dieron origen, y que por el contrario, mantiene en alto su moral.<\/p>\n<p>Dijo que acontecen hechos aislados que no involucran el 0.1% de la poblaci\u00f3n, y que no todo est\u00e1 probado, y de ser cierto, habr\u00eda que demostrarlo en los tribunales. \u201cNo podemos bajar la moral\u201d, dijo la tambi\u00e9n integrante del Comit\u00e9 Pol\u00edtico.<\/p>\n<p>Sostuvo que esa organizaci\u00f3n se encuentra en un momento en el que debe analizar a profundidad los \u00faltimos acontecimientos para tener una valoraci\u00f3n correcta y consolidarse como fuerza pol\u00edtica destacando sus aportes por el avance del pa\u00eds.<\/p>\n","protected":false},"excerpt":{"rendered":"<p>Alejandrina Germ\u00e1n y Ligia Amada Melo apuntan, que a pesar de los hechos la moral del PLD se mantiene en alto Alejandrina Germ\u00e1n, Miembro del Comit\u00e9 Pol\u00edtico del Partido de la Liberaci\u00f3n Dominicana y Ligia Amada Melo, del Comit\u00e9 Central, coincidieron en afirmar que esa organizaci\u00f3n seguir\u00e1 firme y buscar\u00e1, como siempre lo ha hecho, [&hellip;]<\/p>\n","protected":false},"author":1,"featured_media":0,"comment_status":"closed","ping_status":"closed","sticky":false,"template":"","format":"standard","meta":{"tdm_status":"","tdm_grid_status":"","footnotes":""},"categories":[9],"tags":[],"_links":{"self":[{"href":"https:\/\/pldaldia.com\/portada\/wp-json\/wp\/v2\/posts\/10466"}],"collection":[{"href":"https:\/\/pldaldia.com\/portada\/wp-json\/wp\/v2\/posts"}],"about":[{"href":"https:\/\/pldaldia.com\/portada\/wp-json\/wp\/v2\/types\/post"}],"author":[{"embeddable":true,"href":"https:\/\/pldaldia.com\/portada\/wp-json\/wp\/v2\/users\/1"}],"replies":[{"embeddable":true,"href":"https:\/\/pldaldia.com\/portada\/wp-json\/wp\/v2\/comments?post=10466"}],"version-history":[{"count":0,"href":"https:\/\/pldaldia.com\/portada\/wp-json\/wp\/v2\/posts\/10466\/revisions"}],"wp:attachment":[{"href":"https:\/\/pldaldia.com\/portada\/wp-json\/wp\/v2\/media?parent=10466"}],"wp:term":[{"taxonomy":"category","embeddable":true,"href":"https:\/\/pldaldia.com\/portada\/wp-json\/wp\/v2\/categories?post=10466"},{"taxonomy":"post_tag","embeddable":true,"href":"https:\/\/pldaldia.com\/portada\/wp-json\/wp\/v2\/tags?post=10466"}],"curies":[{"name":"wp","href":"https:\/\/api.w.org\/{rel}","templated":true}]}}