{"id":10469,"date":"2017-06-09T19:48:37","date_gmt":"2017-06-09T19:48:37","guid":{"rendered":"http:\/\/pldaldia.com\/portada\/?p=10469"},"modified":"2017-06-09T19:48:37","modified_gmt":"2017-06-09T19:48:37","slug":"pld-confia-inocencia-de-dirigentes","status":"publish","type":"post","link":"https:\/\/pldaldia.com\/portada\/pld-confia-inocencia-de-dirigentes\/","title":{"rendered":"PLD conf\u00eda inocencia de dirigentes"},"content":{"rendered":"<p>Partido de la Liberaci\u00f3n Dominicana expresa solidaridad con sus compa\u00f1eros encausados<\/p>\n<p>La Direcci\u00f3n del   Partido de la Liberaci\u00f3n Dominicana (PLD) se pronunci\u00f3 este d\u00eda manifestando su p\u00fablico respaldo y solidaridad con los cinco dirigentes de esa organizaci\u00f3n sometidos a la acci\u00f3n de la justicia por los supuestos sobornos en el pa\u00eds de la constructora Odebrecht.<\/p>\n<p>En un escueto comunicado de su direcci\u00f3n pol\u00edtica,  el PLD se manifiesta confiado en la  honorabilidad de sus dirigentes, Tem\u00edstocles Mont\u00e1s,  Radham\u00e9s Segura y Julio Cesar Valent\u00edn, miembros del Comit\u00e9 Pol\u00edtico y de los miembros del Comit\u00e9 Central V\u00edctor D\u00edaz R\u00faa y Tommy Gal\u00e1n,   adelantando que en la justicia  quedar\u00e1 demostrada su inocencia  <\/p>\n<p>Como Partido en el gobierno, el PLD reitera su compromiso con un ejercicio trasparente, apegados a los principios \u00e9ticos que sustenta la organizaci\u00f3n establecidos en sus Estatutos y Declaraci\u00f3n de Principios.<\/p>\n<p>La declaraci\u00f3n que titula \u201cPLD expresa solidaridad a compa\u00f1eros encausados\u201d, divulgada por la Secretaria de Comunicaciones pelede\u00edsta reitera lo manifiesto en un primer comunicado,   en el que se pone a disposici\u00f3n de los dirigentes encausados, su equipo de abogados para que asuman su correspondiente defensa.<\/p>\n<p>&#8212; Texto de la declaraci\u00f3n de la Direcci\u00f3n del PLD &#8212;<\/p>\n<p>PLD expresa solidaridad a compa\u00f1eros encausados<\/p>\n<p>El Partido de la Liberaci\u00f3n Dominicana (PLD), a prop\u00f3sito del sometimiento a la justicia de varios de nuestros compa\u00f1eros por el caso Odebrecht, expresa su solidaridad hacia ellos de manera p\u00fablica.<\/p>\n<p>Del mismo modo, y en base al principio constitucional de presunci\u00f3n de inocencia, el PLD conf\u00eda en la honorabilidad e inocencia de los compa\u00f1eros y espera que as\u00ed quede demostrado por ante la justicia dominicana.<\/p>\n<p>El Partido de la Liberaci\u00f3n Dominicana (PLD) reitera su compromiso con la transparencia, y en el presente caso, que la justicia act\u00fae con estricto apego al debido proceso y respeto a los derechos fundamentales de los procesados.<\/p>\n","protected":false},"excerpt":{"rendered":"<p>Partido de la Liberaci\u00f3n Dominicana expresa solidaridad con sus compa\u00f1eros encausados La Direcci\u00f3n del Partido de la Liberaci\u00f3n Dominicana (PLD) se pronunci\u00f3 este d\u00eda manifestando su p\u00fablico respaldo y solidaridad con los cinco dirigentes de esa organizaci\u00f3n sometidos a la acci\u00f3n de la justicia por los supuestos sobornos en el pa\u00eds de la constructora Odebrecht. [&hellip;]<\/p>\n","protected":false},"author":1,"featured_media":0,"comment_status":"closed","ping_status":"closed","sticky":false,"template":"","format":"standard","meta":{"tdm_status":"","tdm_grid_status":"","footnotes":""},"categories":[9],"tags":[],"_links":{"self":[{"href":"https:\/\/pldaldia.com\/portada\/wp-json\/wp\/v2\/posts\/10469"}],"collection":[{"href":"https:\/\/pldaldia.com\/portada\/wp-json\/wp\/v2\/posts"}],"about":[{"href":"https:\/\/pldaldia.com\/portada\/wp-json\/wp\/v2\/types\/post"}],"author":[{"embeddable":true,"href":"https:\/\/pldaldia.com\/portada\/wp-json\/wp\/v2\/users\/1"}],"replies":[{"embeddable":true,"href":"https:\/\/pldaldia.com\/portada\/wp-json\/wp\/v2\/comments?post=10469"}],"version-history":[{"count":0,"href":"https:\/\/pldaldia.com\/portada\/wp-json\/wp\/v2\/posts\/10469\/revisions"}],"wp:attachment":[{"href":"https:\/\/pldaldia.com\/portada\/wp-json\/wp\/v2\/media?parent=10469"}],"wp:term":[{"taxonomy":"category","embeddable":true,"href":"https:\/\/pldaldia.com\/portada\/wp-json\/wp\/v2\/categories?post=10469"},{"taxonomy":"post_tag","embeddable":true,"href":"https:\/\/pldaldia.com\/portada\/wp-json\/wp\/v2\/tags?post=10469"}],"curies":[{"name":"wp","href":"https:\/\/api.w.org\/{rel}","templated":true}]}}