{"id":10474,"date":"2017-06-10T16:52:13","date_gmt":"2017-06-10T16:52:13","guid":{"rendered":"http:\/\/pldaldia.com\/portada\/?p=10474"},"modified":"2022-05-10T16:35:39","modified_gmt":"2022-05-10T20:35:39","slug":"economicas-118","status":"publish","type":"post","link":"https:\/\/pldaldia.com\/portada\/economicas-118\/","title":{"rendered":"Econ\u00f3micas"},"content":{"rendered":"<p> El Banco Central de la Rep\u00fablica Dominicana inform\u00f3  que la inflaci\u00f3n del mes de mayo de 2017, medida por el \u00edndice de precios al consumidor (IPC), fue de -0.14% con respecto al mes de abril de este mismo a\u00f1o.<\/p>\n<p>El informe dado a conocer por la instituci\u00f3n monetaria se\u00f1ala que la inflaci\u00f3n acumulada del periodo enero-mayo del presente a\u00f1o fue de 0.96%, y que la inflaci\u00f3n interanual, medida desde mayo de 2016 hasta mayo de 2017, se ubic\u00f3 en 3.11%, permaneciendo dentro del rango meta de 4.0% \u00b1 1.0% establecido en el programa monetario.<br \/>\n\u2026\u2026\u2026\u2026\u2026.<\/p>\n<p>El presidente de la C\u00e1mara Americana de Comercio  expres\u00f3 que los ojos de la comunidad internacional de negocios est\u00e1n puestos sobre la Rep\u00fablica Dominicana a prop\u00f3sito de la judializaci\u00f3n del caso Odebrecht.<\/p>\n<p>\u201cLos inversionistas observan el comportamiento de nuestras instituciones y de nuestros indicadores econ\u00f3micos. Tambi\u00e9n est\u00e1 atentos al clima pol\u00edtico, el cual puede influir en la estabilidad de la econom\u00eda, que en los \u00faltimos a\u00f1os ha liderado en Am\u00e9rica Latina con perspectiva de seguir en esa misma l\u00ednea para los pr\u00f3ximos a\u00f1os\u201d, expres\u00f3 David Fern\u00e1ndez, presidente de la Camara Americana de  Comercio<br \/>\n\u2026\u2026\u2026\u2026\u2026.<\/p>\n<p> . Los ingresos p\u00fablicos subieron 19.3% en el primer cuatrimestre del a\u00f1o, un crecimiento que estuvo mayormente sostenido por el endeudamiento p\u00fablico, seg\u00fan revelan los datos de la Direcci\u00f3n General de Presupuesto (Digepres).<\/p>\n","protected":false},"excerpt":{"rendered":"<p>El Banco Central de la Rep\u00fablica Dominicana inform\u00f3 que la inflaci\u00f3n del mes de mayo de 2017, medida por el \u00edndice de precios al consumidor (IPC), fue de -0.14% con respecto al mes de abril de este mismo a\u00f1o. El informe dado a conocer por la instituci\u00f3n monetaria se\u00f1ala que la inflaci\u00f3n acumulada del periodo [&hellip;]<\/p>\n","protected":false},"author":1,"featured_media":0,"comment_status":"closed","ping_status":"closed","sticky":false,"template":"","format":"standard","meta":{"tdm_status":"","tdm_grid_status":"","footnotes":""},"categories":[50,9],"tags":[],"_links":{"self":[{"href":"https:\/\/pldaldia.com\/portada\/wp-json\/wp\/v2\/posts\/10474"}],"collection":[{"href":"https:\/\/pldaldia.com\/portada\/wp-json\/wp\/v2\/posts"}],"about":[{"href":"https:\/\/pldaldia.com\/portada\/wp-json\/wp\/v2\/types\/post"}],"author":[{"embeddable":true,"href":"https:\/\/pldaldia.com\/portada\/wp-json\/wp\/v2\/users\/1"}],"replies":[{"embeddable":true,"href":"https:\/\/pldaldia.com\/portada\/wp-json\/wp\/v2\/comments?post=10474"}],"version-history":[{"count":0,"href":"https:\/\/pldaldia.com\/portada\/wp-json\/wp\/v2\/posts\/10474\/revisions"}],"wp:attachment":[{"href":"https:\/\/pldaldia.com\/portada\/wp-json\/wp\/v2\/media?parent=10474"}],"wp:term":[{"taxonomy":"category","embeddable":true,"href":"https:\/\/pldaldia.com\/portada\/wp-json\/wp\/v2\/categories?post=10474"},{"taxonomy":"post_tag","embeddable":true,"href":"https:\/\/pldaldia.com\/portada\/wp-json\/wp\/v2\/tags?post=10474"}],"curies":[{"name":"wp","href":"https:\/\/api.w.org\/{rel}","templated":true}]}}