{"id":10517,"date":"2017-06-12T17:42:04","date_gmt":"2017-06-12T17:42:04","guid":{"rendered":"http:\/\/pldaldia.com\/portada\/?p=10517"},"modified":"2017-06-12T17:42:04","modified_gmt":"2017-06-12T17:42:04","slug":"asumir-proyectos-colectivos","status":"publish","type":"post","link":"https:\/\/pldaldia.com\/portada\/asumir-proyectos-colectivos\/","title":{"rendered":"Asumir proyectos colectivos"},"content":{"rendered":"<p> Luis de Le\u00f3n, del movimiento Fuerza Boschista, exhorta al PLD a consolidar su pr\u00e1ctica unitaria<\/p>\n<p>El coordinador del movimiento la Fuerza Boschista, de apoyo al del Partido de la Liberaci\u00f3n Dominicana (PLD), Luis de Le\u00f3n, exhort\u00f3 a la alta dirigencia de esa organizaci\u00f3n a dejar de lado los proyectos personales e individuales, as\u00ed como abrazar y asumir el proyecto colectivo del PLD.<\/p>\n<p>Luis de Le\u00f3n tambi\u00e9n conmin\u00f3 al gobierno del Partido de la Liberaci\u00f3n Dominicana proseguir sus acciones a favor de la justicia, equidad social, crecimiento econ\u00f3mico, progreso, modernizaci\u00f3n y revoluci\u00f3n educativa.<\/p>\n<p>El dirigente pol\u00edtico y educador extern\u00f3 que ahora, m\u00e1s que antes, se impone fortalecer la unidad partidaria y patri\u00f3tica ante la injerencia extranjera en el caso de Odebrecht, el cual est\u00e1 produciendo inestabilidad socio-econ\u00f3mica en la regi\u00f3n latinoamericana y caribe\u00f1a.<\/p>\n<p>\u201cAhora m\u00e1s que nunca se impone llamar a la unidad monol\u00edtica del PLD, defender y preservar el gobierno que dirige nuestro presidente Danilo Medina, en virtud del panorama pol\u00edtico actual de confrontaci\u00f3n, conspiraci\u00f3n y convulsi\u00f3n social que promueve la injerencia extranjera en naciones hermanas como Brasil, Argentina, Venezuela, Bolivia y Ecuador, entre otras.<\/p>\n<p>Manifest\u00f3 que ha llegado la hora de relanzar el gobierno y el partido frente a las tensiones internacionales y nacionales que afectan al pueblo y la sociedad dominicana, \u201ccomo dice el profesor Juan Bosch, nuestro l\u00edder de siempre, en tiempos dif\u00edciles tenemos que templar el acero\u201d.<\/p>\n","protected":false},"excerpt":{"rendered":"<p>Luis de Le\u00f3n, del movimiento Fuerza Boschista, exhorta al PLD a consolidar su pr\u00e1ctica unitaria El coordinador del movimiento la Fuerza Boschista, de apoyo al del Partido de la Liberaci\u00f3n Dominicana (PLD), Luis de Le\u00f3n, exhort\u00f3 a la alta dirigencia de esa organizaci\u00f3n a dejar de lado los proyectos personales e individuales, as\u00ed como abrazar [&hellip;]<\/p>\n","protected":false},"author":1,"featured_media":0,"comment_status":"closed","ping_status":"closed","sticky":false,"template":"","format":"standard","meta":{"tdm_status":"","tdm_grid_status":"","footnotes":""},"categories":[9],"tags":[],"_links":{"self":[{"href":"https:\/\/pldaldia.com\/portada\/wp-json\/wp\/v2\/posts\/10517"}],"collection":[{"href":"https:\/\/pldaldia.com\/portada\/wp-json\/wp\/v2\/posts"}],"about":[{"href":"https:\/\/pldaldia.com\/portada\/wp-json\/wp\/v2\/types\/post"}],"author":[{"embeddable":true,"href":"https:\/\/pldaldia.com\/portada\/wp-json\/wp\/v2\/users\/1"}],"replies":[{"embeddable":true,"href":"https:\/\/pldaldia.com\/portada\/wp-json\/wp\/v2\/comments?post=10517"}],"version-history":[{"count":0,"href":"https:\/\/pldaldia.com\/portada\/wp-json\/wp\/v2\/posts\/10517\/revisions"}],"wp:attachment":[{"href":"https:\/\/pldaldia.com\/portada\/wp-json\/wp\/v2\/media?parent=10517"}],"wp:term":[{"taxonomy":"category","embeddable":true,"href":"https:\/\/pldaldia.com\/portada\/wp-json\/wp\/v2\/categories?post=10517"},{"taxonomy":"post_tag","embeddable":true,"href":"https:\/\/pldaldia.com\/portada\/wp-json\/wp\/v2\/tags?post=10517"}],"curies":[{"name":"wp","href":"https:\/\/api.w.org\/{rel}","templated":true}]}}