{"id":10523,"date":"2017-06-13T16:16:15","date_gmt":"2017-06-13T16:16:15","guid":{"rendered":"http:\/\/pldaldia.com\/portada\/?p=10523"},"modified":"2017-06-13T16:16:15","modified_gmt":"2017-06-13T16:16:15","slug":"pld-ha-actuado-con-prudencia","status":"publish","type":"post","link":"https:\/\/pldaldia.com\/portada\/pld-ha-actuado-con-prudencia\/","title":{"rendered":"PLD ha actuado con prudencia"},"content":{"rendered":"<p> Diputado Gustavo S\u00e1nchez afirma Congreso ve con incredulidad la inclusi\u00f3n de tres congresistas en caso Odebrecht<\/p>\n<p>Gustavo S\u00e1nchez, miembro del Comit\u00e9 Central del Partido de la Liberaci\u00f3n Dominicana, dijo que ese partido ha sido muy prudente a la hora de evaluar las implicaciones que existen sobre cada uno de sus dirigentes imputados en el caso de Odebrecht, aclarando que para la organizaci\u00f3n son inocentes hasta se demuestre lo contrario.<\/p>\n<p>S\u00e1nchez, vocero del PLD en la C\u00e1mara de Diputados, agreg\u00f3 que la direcci\u00f3n del PLD ha sido reservada   en hacer comentarios sobre el caso para evitar desmeritar el proceso y solo ha pedido que se les respeten a los imputados sus derechos y el debido proceso de Ley.<\/p>\n<p>\u201cNaturalmente, en un juicio a fondo  es que vamos a ver hasta donde hay compromisos. Para nosotros son inocentes. Eso no quiere decir que el Ministerio P\u00fablico no haya hecho la debida investigaci\u00f3n a los fines de imputar a estas personas\u201d, agreg\u00f3 entrevistado en el programa Matinal 5, referido por la Secretar\u00eda de Comunicaciones del PLD.<\/p>\n<p>El dirigente pol\u00edtico expres\u00f3 que como partido de gobierno lo m\u00e1s que pueden es pedir que se cumpla con el debido proceso y se le respeten sus derechos de ley.<\/p>\n<p> \u201cNo hay un plan de hacerle da\u00f1o a esos compa\u00f1eros, sino que fueron nombrados en Brasil y el gobierno ha puesto en acci\u00f3n la justicia\u201d, explic\u00f3 el congresista.<\/p>\n<p>En su condici\u00f3n de diputado y vocero del bloque de diputados del Partido de la Liberaci\u00f3n Dominicana manifest\u00f3 que en el Congreso Nacional se percibe un nivel de incredulidad con los congresistas imputados.<\/p>\n<p>Admiti\u00f3 que le sorprendi\u00f3 que los nombres de Julio C\u00e9sar Valent\u00edn, Tommy Gal\u00e1n y Alfredo Pacheco aparecieran en los tribunales de Brasil y que corresponde al Ministerio P\u00fablico demostrar que son culpables.<\/p>\n<p>Explic\u00f3 que es normal que en el Congreso se aprueben financiamientos de obras y sobre todo si estas iniciativas vienen del Poder Ejecutivo. \u201cSiempre hemos tenido el debido cuidado y respeto para aprobar los proyectos. Esas iniciativas siempre est\u00e1n amparadas en la ley de presupuesto que nosotros votamos. Los financiamientos est\u00e1n contemplados en el a\u00f1o de inversiones y gastos que tienen los gobiernos cada a\u00f1o\u201d.<\/p>\n","protected":false},"excerpt":{"rendered":"<p>Diputado Gustavo S\u00e1nchez afirma Congreso ve con incredulidad la inclusi\u00f3n de tres congresistas en caso Odebrecht Gustavo S\u00e1nchez, miembro del Comit\u00e9 Central del Partido de la Liberaci\u00f3n Dominicana, dijo que ese partido ha sido muy prudente a la hora de evaluar las implicaciones que existen sobre cada uno de sus dirigentes imputados en el caso [&hellip;]<\/p>\n","protected":false},"author":1,"featured_media":0,"comment_status":"closed","ping_status":"closed","sticky":false,"template":"","format":"standard","meta":{"tdm_status":"","tdm_grid_status":"","footnotes":""},"categories":[9],"tags":[],"_links":{"self":[{"href":"https:\/\/pldaldia.com\/portada\/wp-json\/wp\/v2\/posts\/10523"}],"collection":[{"href":"https:\/\/pldaldia.com\/portada\/wp-json\/wp\/v2\/posts"}],"about":[{"href":"https:\/\/pldaldia.com\/portada\/wp-json\/wp\/v2\/types\/post"}],"author":[{"embeddable":true,"href":"https:\/\/pldaldia.com\/portada\/wp-json\/wp\/v2\/users\/1"}],"replies":[{"embeddable":true,"href":"https:\/\/pldaldia.com\/portada\/wp-json\/wp\/v2\/comments?post=10523"}],"version-history":[{"count":0,"href":"https:\/\/pldaldia.com\/portada\/wp-json\/wp\/v2\/posts\/10523\/revisions"}],"wp:attachment":[{"href":"https:\/\/pldaldia.com\/portada\/wp-json\/wp\/v2\/media?parent=10523"}],"wp:term":[{"taxonomy":"category","embeddable":true,"href":"https:\/\/pldaldia.com\/portada\/wp-json\/wp\/v2\/categories?post=10523"},{"taxonomy":"post_tag","embeddable":true,"href":"https:\/\/pldaldia.com\/portada\/wp-json\/wp\/v2\/tags?post=10523"}],"curies":[{"name":"wp","href":"https:\/\/api.w.org\/{rel}","templated":true}]}}