{"id":10530,"date":"2017-06-12T23:42:50","date_gmt":"2017-06-12T23:42:50","guid":{"rendered":"http:\/\/pldaldia.com\/portada\/?p=10530"},"modified":"2022-05-10T16:35:39","modified_gmt":"2022-05-10T20:35:39","slug":"economicas-119","status":"publish","type":"post","link":"https:\/\/pldaldia.com\/portada\/economicas-119\/","title":{"rendered":"Econ\u00f3micas"},"content":{"rendered":"<p>El director del Instituto Nacional de Recursos Hidr\u00e1ulicos (Indrhi), revel\u00f3 que el pa\u00eds espera recibir esta semana la noticia de parte del Banco Centro Americano de Integraci\u00f3n Econ\u00f3mica que est\u00e1 disponible el pr\u00e9stamo para financiar los trabajos de construcci\u00f3n de la Presa de Monte Grande.<\/p>\n<p>El ingeniero Olgo Fern\u00e1ndez dijo que el monto a financiar por esa instituci\u00f3n es de 250 millones de d\u00f3lares con lo que se espera que antes del mes de agosto el Ministerio de Hacienda pueda enviarlo al Congreso Nacional para su aprobaci\u00f3n.<br \/>\n\u2026\u2026\u2026\u2026..<\/p>\n<p>Las zonas francas de la Rep\u00fablica Dominicana acumularon el 55.7 % de las exportaciones totales del pa\u00eds en 2016, por valor de 5,493.9 millones de d\u00f3lares, seg\u00fan el Informe Estad\u00edstico del Sector Zonas Francas puesto hoy en circulaci\u00f3n.<\/p>\n<p>Estas cifras revelan un crecimiento relativo del 1.3 % comparado con el a\u00f1o anterior en el Sector Zonas Francas, seg\u00fan un comunicado de la Direcci\u00f3n de Comunicaciones del Ministerio de Industria, Comercio y Mipymes (MICM).<br \/>\n\u2026\u2026\u2026\u2026\u2026..<\/p>\n<p>El presidente Danilo Medina design\u00f3 el pasado  viernes Nelson Tocca Sim\u00f3 ministro de Industria, Comercio  y Pyme en sustituci\u00f3n de Tem\u00edstocles Mont\u00e1s. Tocca se desempe\u00f1\u00f3 como viceministro de Planificaci\u00f3n y Econom\u00eda y sustitu\u00eda a Mont\u00e1s en los consejos de directores.  mEs dirigente del Partido de la Liberaci\u00f3n Dominicana.<\/p>\n","protected":false},"excerpt":{"rendered":"<p>El director del Instituto Nacional de Recursos Hidr\u00e1ulicos (Indrhi), revel\u00f3 que el pa\u00eds espera recibir esta semana la noticia de parte del Banco Centro Americano de Integraci\u00f3n Econ\u00f3mica que est\u00e1 disponible el pr\u00e9stamo para financiar los trabajos de construcci\u00f3n de la Presa de Monte Grande. El ingeniero Olgo Fern\u00e1ndez dijo que el monto a financiar [&hellip;]<\/p>\n","protected":false},"author":1,"featured_media":0,"comment_status":"closed","ping_status":"closed","sticky":false,"template":"","format":"standard","meta":{"tdm_status":"","tdm_grid_status":"","footnotes":""},"categories":[50,9],"tags":[],"_links":{"self":[{"href":"https:\/\/pldaldia.com\/portada\/wp-json\/wp\/v2\/posts\/10530"}],"collection":[{"href":"https:\/\/pldaldia.com\/portada\/wp-json\/wp\/v2\/posts"}],"about":[{"href":"https:\/\/pldaldia.com\/portada\/wp-json\/wp\/v2\/types\/post"}],"author":[{"embeddable":true,"href":"https:\/\/pldaldia.com\/portada\/wp-json\/wp\/v2\/users\/1"}],"replies":[{"embeddable":true,"href":"https:\/\/pldaldia.com\/portada\/wp-json\/wp\/v2\/comments?post=10530"}],"version-history":[{"count":0,"href":"https:\/\/pldaldia.com\/portada\/wp-json\/wp\/v2\/posts\/10530\/revisions"}],"wp:attachment":[{"href":"https:\/\/pldaldia.com\/portada\/wp-json\/wp\/v2\/media?parent=10530"}],"wp:term":[{"taxonomy":"category","embeddable":true,"href":"https:\/\/pldaldia.com\/portada\/wp-json\/wp\/v2\/categories?post=10530"},{"taxonomy":"post_tag","embeddable":true,"href":"https:\/\/pldaldia.com\/portada\/wp-json\/wp\/v2\/tags?post=10530"}],"curies":[{"name":"wp","href":"https:\/\/api.w.org\/{rel}","templated":true}]}}