{"id":10535,"date":"2017-06-12T23:50:30","date_gmt":"2017-06-12T23:50:30","guid":{"rendered":"http:\/\/pldaldia.com\/portada\/?p=10535"},"modified":"2017-06-13T23:59:18","modified_gmt":"2017-06-13T23:59:18","slug":"abstencion-caracterizo-votacion-sobre-estatus-de-puerto-rico","status":"publish","type":"post","link":"https:\/\/pldaldia.com\/portada\/abstencion-caracterizo-votacion-sobre-estatus-de-puerto-rico\/","title":{"rendered":"Abstenci\u00f3n caracteriz\u00f3 votaci\u00f3n sobre estatus de Puerto Rico"},"content":{"rendered":"<p>Un 97,17 por ciento de las personas que sufragaron este domingo en el plebiscito sobre el estatus jur\u00eddico de Puerto Rico, opt\u00f3 por la opci\u00f3n de la estatidad.<\/p>\n<p>Seg\u00fan datos difundidos por la p\u00e1gina web de la Comisi\u00f3n Estatal de Elecciones (CEE) un total de 476.635 electores, de los 2,8 millones habilitados, eligieron ese estatus.<\/p>\n<p>Quienes votaron a favor de la independencia alcanzaron un 1,5 por ciento de los sufragios, y solo un 1,3 eligi\u00f3 el estatus actual de Estado Libre Asociado (ELA).<\/p>\n<p>Noti resumen internacionales<\/p>\n<p>El canciller de Bolivia, Fernando Huanacuni, anunci\u00f3 que un representante del papa Francisco participar\u00e1 en la Conferencia Mundial de los Pueblos, prevista los d\u00edas 20 y 21 de junio en el departamento de Cochabamba.<br \/>\n\u2026\u2026\u2026\u2026\u2026\u2026<\/p>\n<p>Temores y suspicacias despiertan hoy supuestas amenazas contra el Canal de Panam\u00e1, tras informarse en Estados Unidos sobre dos personas detenidas el 1 de junio, por evaluar vulnerabilidades de seguridad en objetivos de ambos pa\u00edses.<\/p>\n<p>\u2026\u2026\u2026\u2026\u2026..<\/p>\n<p>La ciudad estadounidense de Orlando realizar\u00e1 hoy diversas actividades para honrar a las v\u00edctimas de la peor matanza por arma de fuego de la historia reciente del pa\u00eds, ocurrida hace un a\u00f1o en el club gay Pulse.<\/p>\n<p>\u2026\u2026\u2026\u2026\u2026\u2026<br \/>\nEl movimiento La Rep\u00fablica En Marcha,  del presidente franc\u00e9s, Emmanuel Macron, result\u00f3 el m\u00e1s votado en la primera vuelta de elecciones legislativas, pero muchos afirman hoy que el gran ganador de la jornada fue la abstenci\u00f3n.<\/p>\n<p>\u2026\u2026\u2026\u2026\u2026..<\/p>\n<p>La 106 Conferencia Internacional del Trabajo hoy dirigir\u00e1 sus debates al D\u00eda mundial contra el trabajo infantil, que suma cerca de 168 millones de v\u00edctimas, de ellas, 85 millones realizan labores peligrosas.<\/p>\n<p>\u2026\u2026\u2026\u2026\u2026<br \/>\nPartidos pol\u00edticos, grupos de expertos y organizaciones no gubernamentales de los pa\u00edses Brics (Brasil, Rusia, India, China, Sud\u00e1frica) fueron instados a consolidar los intercambios e impulsar la cooperaci\u00f3n dentro del grupo, en un foro que concluye hoy en Beijing.<\/p>\n","protected":false},"excerpt":{"rendered":"<p>Un 97,17 por ciento de las personas que sufragaron este domingo en el plebiscito sobre el estatus jur\u00eddico de Puerto Rico, opt\u00f3 por la opci\u00f3n de la estatidad. Seg\u00fan datos difundidos por la p\u00e1gina web de la Comisi\u00f3n Estatal de Elecciones (CEE) un total de 476.635 electores, de los 2,8 millones habilitados, eligieron ese estatus. [&hellip;]<\/p>\n","protected":false},"author":1,"featured_media":0,"comment_status":"closed","ping_status":"closed","sticky":false,"template":"","format":"standard","meta":{"tdm_status":"","tdm_grid_status":"","footnotes":""},"categories":[9],"tags":[],"_links":{"self":[{"href":"https:\/\/pldaldia.com\/portada\/wp-json\/wp\/v2\/posts\/10535"}],"collection":[{"href":"https:\/\/pldaldia.com\/portada\/wp-json\/wp\/v2\/posts"}],"about":[{"href":"https:\/\/pldaldia.com\/portada\/wp-json\/wp\/v2\/types\/post"}],"author":[{"embeddable":true,"href":"https:\/\/pldaldia.com\/portada\/wp-json\/wp\/v2\/users\/1"}],"replies":[{"embeddable":true,"href":"https:\/\/pldaldia.com\/portada\/wp-json\/wp\/v2\/comments?post=10535"}],"version-history":[{"count":0,"href":"https:\/\/pldaldia.com\/portada\/wp-json\/wp\/v2\/posts\/10535\/revisions"}],"wp:attachment":[{"href":"https:\/\/pldaldia.com\/portada\/wp-json\/wp\/v2\/media?parent=10535"}],"wp:term":[{"taxonomy":"category","embeddable":true,"href":"https:\/\/pldaldia.com\/portada\/wp-json\/wp\/v2\/categories?post=10535"},{"taxonomy":"post_tag","embeddable":true,"href":"https:\/\/pldaldia.com\/portada\/wp-json\/wp\/v2\/tags?post=10535"}],"curies":[{"name":"wp","href":"https:\/\/api.w.org\/{rel}","templated":true}]}}