{"id":10545,"date":"2017-06-14T01:11:49","date_gmt":"2017-06-14T01:11:49","guid":{"rendered":"http:\/\/pldaldia.com\/portada\/?p=10545"},"modified":"2017-06-14T01:11:49","modified_gmt":"2017-06-14T01:11:49","slug":"fiscal-general-de-ee-uu-declara-ante-senadores-en-audiencia-publica","status":"publish","type":"post","link":"https:\/\/pldaldia.com\/portada\/fiscal-general-de-ee-uu-declara-ante-senadores-en-audiencia-publica\/","title":{"rendered":"Fiscal general de EE.UU. declara ante senadores en audiencia p\u00fablica"},"content":{"rendered":"<p>El fiscal general estadounidense, Jeff Sessions, comparecer\u00e1 hoy en una audiencia p\u00fablica ante el Comit\u00e9 de Inteligencia del Senado como parte de una investigaci\u00f3n sobre la supuesta injerencia de Rusia en las elecciones de noviembre \u00faltimo.<\/p>\n<p>Las declaraciones del tambi\u00e9n secretario de Justicia, quien comunic\u00f3 en una carta su decisi\u00f3n de presentarse al grupo legislativo hace tres d\u00edas, se integrar\u00e1n adem\u00e1s a la pesquisa sobre la presunta colusi\u00f3n del pa\u00eds euroasi\u00e1tico con la campa\u00f1a del presidente Donald Trump.<\/p>\n<p>Detenido en Miami expresidente paname\u00f1o<\/p>\n<p>El expresidente paname\u00f1o Ricardo Martinelli (2009-2014) fue detenido hoy por la Polic\u00eda Federal estadounidense en la ciudad Miami, tras la negativa gubernamental del pedido de asilo en ese pa\u00eds, confirmaron aqu\u00ed fuentes de su partido.<\/p>\n<p>Jos\u00e9 Ra\u00fal Mulino y Rodrigo Sarasqueta, ambos cercanos colaboradores del exmandatario, lanzaron sendos mensajes de apoyo al l\u00edder de la agrupaci\u00f3n pol\u00edtica Cambio Democr\u00e1tico, y reportes de prensa dijeron que familiares tambi\u00e9n refirieron la detenci\u00f3n.<\/p>\n<p>Inmunidad presidencial en juego por femicidio masivo en Guatemala<\/p>\n<p>Mientras el presidente Jimmy Morales desanda Par\u00eds, en Guatemala cobra forma hoy un proceso de antejuicio en virtud del cual pudiera perder la inmunidad y ser investigado por la tragedia del hogar estatal Virgen de la Asunci\u00f3n.<\/p>\n<p>El Ministerio P\u00fablico confirm\u00f3 que dar\u00e1 curso legal al tr\u00e1mite conforme con la denuncia presentada por los diputados Sandra Mor\u00e1n y Leocadio Jurac\u00e1n, una semana despu\u00e9s de ocurrido el incendio en el centro, que cost\u00f3 la vida a 41 menores de 18 a\u00f1os de edad y dej\u00f3 huellas indelebles en el cuerpo y la memoria de una decena m\u00e1s.<\/p>\n","protected":false},"excerpt":{"rendered":"<p>El fiscal general estadounidense, Jeff Sessions, comparecer\u00e1 hoy en una audiencia p\u00fablica ante el Comit\u00e9 de Inteligencia del Senado como parte de una investigaci\u00f3n sobre la supuesta injerencia de Rusia en las elecciones de noviembre \u00faltimo. Las declaraciones del tambi\u00e9n secretario de Justicia, quien comunic\u00f3 en una carta su decisi\u00f3n de presentarse al grupo legislativo [&hellip;]<\/p>\n","protected":false},"author":1,"featured_media":0,"comment_status":"closed","ping_status":"closed","sticky":false,"template":"","format":"standard","meta":{"tdm_status":"","tdm_grid_status":"","footnotes":""},"categories":[9],"tags":[],"_links":{"self":[{"href":"https:\/\/pldaldia.com\/portada\/wp-json\/wp\/v2\/posts\/10545"}],"collection":[{"href":"https:\/\/pldaldia.com\/portada\/wp-json\/wp\/v2\/posts"}],"about":[{"href":"https:\/\/pldaldia.com\/portada\/wp-json\/wp\/v2\/types\/post"}],"author":[{"embeddable":true,"href":"https:\/\/pldaldia.com\/portada\/wp-json\/wp\/v2\/users\/1"}],"replies":[{"embeddable":true,"href":"https:\/\/pldaldia.com\/portada\/wp-json\/wp\/v2\/comments?post=10545"}],"version-history":[{"count":0,"href":"https:\/\/pldaldia.com\/portada\/wp-json\/wp\/v2\/posts\/10545\/revisions"}],"wp:attachment":[{"href":"https:\/\/pldaldia.com\/portada\/wp-json\/wp\/v2\/media?parent=10545"}],"wp:term":[{"taxonomy":"category","embeddable":true,"href":"https:\/\/pldaldia.com\/portada\/wp-json\/wp\/v2\/categories?post=10545"},{"taxonomy":"post_tag","embeddable":true,"href":"https:\/\/pldaldia.com\/portada\/wp-json\/wp\/v2\/tags?post=10545"}],"curies":[{"name":"wp","href":"https:\/\/api.w.org\/{rel}","templated":true}]}}