{"id":10549,"date":"2017-06-14T13:27:49","date_gmt":"2017-06-14T13:27:49","guid":{"rendered":"http:\/\/pldaldia.com\/portada\/?p=10549"},"modified":"2017-06-14T13:27:49","modified_gmt":"2017-06-14T13:27:49","slug":"convocar-al-c-p","status":"publish","type":"post","link":"https:\/\/pldaldia.com\/portada\/convocar-al-c-p\/","title":{"rendered":"Convocar al C.P."},"content":{"rendered":"<p>Alejandrina Germ\u00e1n reitera reclamo para que se re\u00fana el Comit\u00e9 Pol\u00edtico y conozca tema Odebrecht<\/p>\n<p>Alejandrina Germ\u00e1n, integrante del Comit\u00e9 Pol\u00edtico del Partido de la Liberaci\u00f3n Dominicana (PLD) reiter\u00f3 su negativa a opinar sobre el tema de los supuestos sobornos de la constructora Odebrecht por el cual cinco dirigentes pelede\u00edstas est\u00e1n siendo procesados por la justicia.<\/p>\n<p>Supedita su opini\u00f3n a una reuni\u00f3n del Comit\u00e9 Pol\u00edtico en la que se fije la posici\u00f3n partidaria, la que asumir\u00eda como dirigente.<\/p>\n<p>\u201cPienso que nosotros, como organismo ejecutivo pol\u00edtico, debemos tomar una posici\u00f3n, y como no la hemos tomado no puedo opinar sobre el tema\u201d, declar\u00f3 a los periodistas que la abordaron en una actividad del Ministerio de Educaci\u00f3n Superior, Ciencia y Tecnolog\u00eda, que preside.<\/p>\n<p>Considera que hace falta una reuni\u00f3n de dicho organismo para adoptar una posici\u00f3n definitiva sobre el tema.<\/p>\n<p>En otro orden, declar\u00f3 tambi\u00e9n que no puede opinar sobre lo expresado por su compa\u00f1ero de organismo Felucho Jim\u00e9nez, quien asegur\u00f3 que el presidente Danilo Medina lo autoriz\u00f3 a decir que no se repostular\u00e1 en el 2020.<\/p>\n<p>\u201cEso dice Felucho, pero yo no estoy autorizada a hablar de ese tema\u201d, precis\u00f3.<\/p>\n<p>Al inicio de mes Alejandrina Germ\u00e1n se inclin\u00f3 a favor de la convocatoria al Comit\u00e9 Pol\u00edtico del Partido de la Liberaci\u00f3n Dominicana para que conociera el caso de los supuestos sobornos de la multinacional.<\/p>\n<p>En ese momento dijo que no ser\u00eda saludable hablar por su cuenta sin que el Partido haya dado su opini\u00f3n.<\/p>\n<p>\u201cEstar emitiendo pareceres de manera individual, no ayuda en nada. La m\u00edstica y disciplina del PLD siempre ha sido reunirse cuando surgen este tipo de situaciones\u201d, expres\u00f3 Alejandrina Germ\u00e1n, seg\u00fan lo rese\u00f1a la Secretar\u00eda de Comunicaciones del PLD.<\/p>\n","protected":false},"excerpt":{"rendered":"<p>Alejandrina Germ\u00e1n reitera reclamo para que se re\u00fana el Comit\u00e9 Pol\u00edtico y conozca tema Odebrecht Alejandrina Germ\u00e1n, integrante del Comit\u00e9 Pol\u00edtico del Partido de la Liberaci\u00f3n Dominicana (PLD) reiter\u00f3 su negativa a opinar sobre el tema de los supuestos sobornos de la constructora Odebrecht por el cual cinco dirigentes pelede\u00edstas est\u00e1n siendo procesados por la [&hellip;]<\/p>\n","protected":false},"author":1,"featured_media":0,"comment_status":"open","ping_status":"open","sticky":false,"template":"","format":"standard","meta":{"tdm_status":"","tdm_grid_status":"","footnotes":""},"categories":[9],"tags":[],"_links":{"self":[{"href":"https:\/\/pldaldia.com\/portada\/wp-json\/wp\/v2\/posts\/10549"}],"collection":[{"href":"https:\/\/pldaldia.com\/portada\/wp-json\/wp\/v2\/posts"}],"about":[{"href":"https:\/\/pldaldia.com\/portada\/wp-json\/wp\/v2\/types\/post"}],"author":[{"embeddable":true,"href":"https:\/\/pldaldia.com\/portada\/wp-json\/wp\/v2\/users\/1"}],"replies":[{"embeddable":true,"href":"https:\/\/pldaldia.com\/portada\/wp-json\/wp\/v2\/comments?post=10549"}],"version-history":[{"count":0,"href":"https:\/\/pldaldia.com\/portada\/wp-json\/wp\/v2\/posts\/10549\/revisions"}],"wp:attachment":[{"href":"https:\/\/pldaldia.com\/portada\/wp-json\/wp\/v2\/media?parent=10549"}],"wp:term":[{"taxonomy":"category","embeddable":true,"href":"https:\/\/pldaldia.com\/portada\/wp-json\/wp\/v2\/categories?post=10549"},{"taxonomy":"post_tag","embeddable":true,"href":"https:\/\/pldaldia.com\/portada\/wp-json\/wp\/v2\/tags?post=10549"}],"curies":[{"name":"wp","href":"https:\/\/api.w.org\/{rel}","templated":true}]}}