{"id":10552,"date":"2017-06-14T20:15:17","date_gmt":"2017-06-14T20:15:17","guid":{"rendered":"http:\/\/pldaldia.com\/portada\/?p=10552"},"modified":"2017-06-14T20:15:17","modified_gmt":"2017-06-14T20:15:17","slug":"estudiantes-uasd-piden-abran-secciones-para-cursos-de-verano","status":"publish","type":"post","link":"https:\/\/pldaldia.com\/portada\/estudiantes-uasd-piden-abran-secciones-para-cursos-de-verano\/","title":{"rendered":"Estudiantes UASD piden abran secciones para cursos de verano"},"content":{"rendered":"<p>El vice presidente de la Federaci\u00f3n de Estudiantes Dominicanos (FED), Rafelito Valenzuela, denunci\u00f3 la mala organizaci\u00f3n, y falta de apoyo de parte de los directores de escuelas para el buen funcionamiento del curso intensivo de verano que ofrece la Universidad Aut\u00f3noma de Santo Domingo.<\/p>\n<p>Valenzuela explic\u00f3 que la mayor\u00eda de los estudiantes no han podido seleccionar materias para cursar el verano, debido a la escasez de secciones.<\/p>\n<p>El dirigente estudiantil ha mantenido un llamado a las autoridades correspondientes desde antes de iniciar el proceso de inscripciones, el pasado cinco del mes en curso: \u00abDa impotencia ver a los estudiantes de la UASD queriendo seleccionar, con deseos de cursar el verano, de avanzar en sus estudios. Hac\u00edan tres d\u00edas que hab\u00edan empezado las inscripciones cuando ya todas las secciones estaban llenas\u00bb, expres\u00f3 Valenzuela.<\/p>\n<p>Declar\u00f3 que la mayor\u00eda de directores de escuelas han brindado poco apoyo a los estudiantes, ya que se mantienen indiferentes cuando va alguna comisi\u00f3n a pedir una respuesta a la problem\u00e1tica.<\/p>\n<p>Afirmando que el d\u00e9ficit de secciones que se dan en el transcurso del semestre normal, Valenzuela dice que es obligatorio tomar el verano y por ello pide una pr\u00f3rroga para quienes no han podido seleccionar.<\/p>\n<p>Este mi\u00e9rcoles, Valenzuela se reuni\u00f3 con las personas interesadas en dar verano y que no han podido agregarse a ninguna clase. La finalidad de este encuentro fue orientarles y garantizarle la soluci\u00f3n de ese problema que tanto afecta a los uasdianos.<\/p>\n","protected":false},"excerpt":{"rendered":"<p>El vice presidente de la Federaci\u00f3n de Estudiantes Dominicanos (FED), Rafelito Valenzuela, denunci\u00f3 la mala organizaci\u00f3n, y falta de apoyo de parte de los directores de escuelas para el buen funcionamiento del curso intensivo de verano que ofrece la Universidad Aut\u00f3noma de Santo Domingo. Valenzuela explic\u00f3 que la mayor\u00eda de los estudiantes no han podido [&hellip;]<\/p>\n","protected":false},"author":1,"featured_media":0,"comment_status":"closed","ping_status":"closed","sticky":false,"template":"","format":"standard","meta":{"tdm_status":"","tdm_grid_status":"","footnotes":""},"categories":[9],"tags":[],"_links":{"self":[{"href":"https:\/\/pldaldia.com\/portada\/wp-json\/wp\/v2\/posts\/10552"}],"collection":[{"href":"https:\/\/pldaldia.com\/portada\/wp-json\/wp\/v2\/posts"}],"about":[{"href":"https:\/\/pldaldia.com\/portada\/wp-json\/wp\/v2\/types\/post"}],"author":[{"embeddable":true,"href":"https:\/\/pldaldia.com\/portada\/wp-json\/wp\/v2\/users\/1"}],"replies":[{"embeddable":true,"href":"https:\/\/pldaldia.com\/portada\/wp-json\/wp\/v2\/comments?post=10552"}],"version-history":[{"count":0,"href":"https:\/\/pldaldia.com\/portada\/wp-json\/wp\/v2\/posts\/10552\/revisions"}],"wp:attachment":[{"href":"https:\/\/pldaldia.com\/portada\/wp-json\/wp\/v2\/media?parent=10552"}],"wp:term":[{"taxonomy":"category","embeddable":true,"href":"https:\/\/pldaldia.com\/portada\/wp-json\/wp\/v2\/categories?post=10552"},{"taxonomy":"post_tag","embeddable":true,"href":"https:\/\/pldaldia.com\/portada\/wp-json\/wp\/v2\/tags?post=10552"}],"curies":[{"name":"wp","href":"https:\/\/api.w.org\/{rel}","templated":true}]}}