{"id":10559,"date":"2017-06-16T17:56:25","date_gmt":"2017-06-16T17:56:25","guid":{"rendered":"http:\/\/pldaldia.com\/portada\/?p=10559"},"modified":"2017-06-16T17:56:25","modified_gmt":"2017-06-16T17:56:25","slug":"cross-saluda-anuncio-de-seguro-de-repatriacion-universal","status":"publish","type":"post","link":"https:\/\/pldaldia.com\/portada\/cross-saluda-anuncio-de-seguro-de-repatriacion-universal\/","title":{"rendered":"Cross saluda anuncio de \u00a0Seguro de Repatriaci\u00f3n Universal"},"content":{"rendered":"<p>Marcos Cross, diputado del Partido de la Liberaci\u00f3n Dominicana (PLD) por Europa, salud\u00f3 \u00a0\u00a0la decisi\u00f3n del Presidente \u00a0\u00a0Danilo Medina de crear un Seguro de Repatriaci\u00f3n Universal para los dominicanos residentes en el extranjero, quienes podr\u00e1n traer a sus familiares fallecidos para ser enterrados en territorio dominicano.<\/p>\n<p>El tambi\u00e9n presidente del Partido de la Liberaci\u00f3n Dominicana (PLD) en Europa dijo que este proyecto que se dirige desde la Canciller\u00eda,\u00a0 es de vital importancia por el contenido humano del mismo\u00a0 y que vendr\u00e1 a\u00a0 beneficiar unos \u00a0dos millones de dominicanos que residen en el exterior.<\/p>\n<p>\u201cNosotros hab\u00edamos ofertado ese seguro en la campa\u00f1a de candidato por ultramar, en la Ley que crea el Instituto del Dominicano en el Exterior\u201d, puntualiz\u00f3 Cross, saludando la decisi\u00f3n adoptada por el Ejecutivo, v\u00eda el Ministerio de Relaciones Exteriores.<\/p>\n<p>El canciller de la Republica\u00a0 anunci\u00f3 al inicio de semana la entrada en vigencia del referido seguro, el cual se aplicar\u00e1 a trav\u00e9s de las oficinas consulares y garantizar\u00e1 la repatriaci\u00f3n de los restos de dominicanos residentes en el exterior a suelo dominicano o la sepultura en el territorio de residencia.<\/p>\n<p>En ese contexto, Cross destac\u00f3 que \u201cya esto es una realidad, un Seguro de Repatriaci\u00f3n Universal de restos y asistencia f\u00fanebre como propuesta adicional del servicio diplom\u00e1tico y consular en el exterior\u201d.<\/p>\n<p>Signific\u00f3 que \u201ccon este proyecto, los dominicanos que convivan en cualquier lugar del mundo, en cualquier consulado o embajada, podr\u00e1n traer a sus seres queridos\u00a0 fallecidos y sepultarlos\u00a0 en Rep\u00fablica Dominicana\u201d. Acot\u00f3.<\/p>\n","protected":false},"excerpt":{"rendered":"<p>Marcos Cross, diputado del Partido de la Liberaci\u00f3n Dominicana (PLD) por Europa, salud\u00f3 \u00a0\u00a0la decisi\u00f3n del Presidente \u00a0\u00a0Danilo Medina de crear un Seguro de Repatriaci\u00f3n Universal para los dominicanos residentes en el extranjero, quienes podr\u00e1n traer a sus familiares fallecidos para ser enterrados en territorio dominicano. El tambi\u00e9n presidente del Partido de la Liberaci\u00f3n Dominicana [&hellip;]<\/p>\n","protected":false},"author":1,"featured_media":0,"comment_status":"closed","ping_status":"closed","sticky":false,"template":"","format":"standard","meta":{"tdm_status":"","tdm_grid_status":"","footnotes":""},"categories":[9],"tags":[],"_links":{"self":[{"href":"https:\/\/pldaldia.com\/portada\/wp-json\/wp\/v2\/posts\/10559"}],"collection":[{"href":"https:\/\/pldaldia.com\/portada\/wp-json\/wp\/v2\/posts"}],"about":[{"href":"https:\/\/pldaldia.com\/portada\/wp-json\/wp\/v2\/types\/post"}],"author":[{"embeddable":true,"href":"https:\/\/pldaldia.com\/portada\/wp-json\/wp\/v2\/users\/1"}],"replies":[{"embeddable":true,"href":"https:\/\/pldaldia.com\/portada\/wp-json\/wp\/v2\/comments?post=10559"}],"version-history":[{"count":0,"href":"https:\/\/pldaldia.com\/portada\/wp-json\/wp\/v2\/posts\/10559\/revisions"}],"wp:attachment":[{"href":"https:\/\/pldaldia.com\/portada\/wp-json\/wp\/v2\/media?parent=10559"}],"wp:term":[{"taxonomy":"category","embeddable":true,"href":"https:\/\/pldaldia.com\/portada\/wp-json\/wp\/v2\/categories?post=10559"},{"taxonomy":"post_tag","embeddable":true,"href":"https:\/\/pldaldia.com\/portada\/wp-json\/wp\/v2\/tags?post=10559"}],"curies":[{"name":"wp","href":"https:\/\/api.w.org\/{rel}","templated":true}]}}