{"id":10562,"date":"2017-06-16T22:14:17","date_gmt":"2017-06-16T22:14:17","guid":{"rendered":"http:\/\/pldaldia.com\/portada\/?p=10562"},"modified":"2017-06-16T22:14:17","modified_gmt":"2017-06-16T22:14:17","slug":"es-fundamental-que-en-el-pld-se-mantenga-la-unidad","status":"publish","type":"post","link":"https:\/\/pldaldia.com\/portada\/es-fundamental-que-en-el-pld-se-mantenga-la-unidad\/","title":{"rendered":"Es fundamental que en el PLD se mantenga la unidad."},"content":{"rendered":"<p>El Diputado del Partido de la Liberaci\u00f3n Dominicana (PLD),\u00a0 Levis Suriel , consider\u00f3 fundamental que en esa organizaci\u00f3n se \u00a0mantengan como norte la unidad partidaria.<\/p>\n<p>\u201cCreo, como la gran mayor\u00eda de nuestra organizaci\u00f3n, \u00a0que el presidente Danilo Medina ha sido un arquitecto de este partido, sobre sus hombros descansan en parte las conquistas pol\u00edticas alcanzadas , y no es verdad que un hombre con esas condiciones se va a dirigir en el sentido que afecte la armon\u00eda de su partido, no lo creo\u201d, afirm\u00f3 Suriel, Diputado de Ultramar, \u00a0al ser entrevistado.<\/p>\n<p>Calific\u00f3 de exitoso el\u00a0 desempe\u00f1o\u00a0 del Presidente\u00a0 Danilo Medina al frente del Ejecutivo, de cuya obra el PLD y el pa\u00eds , sale beneficiado<\/p>\n<p>\u201cEl presidente (Danilo Medina) \u00a0es un hombre muy pr\u00e1ctico pero con un concepto muy preclaro de la institucionalidad, de manera que nosotros entendemos que ese tipo de conflictos que algunos vislumbran no se materializaran en el PLD\u201d, expres\u00f3.<\/p>\n<p>En ese orden resalt\u00f3 tambi\u00e9n el liderazgo nacional e internacional del Presidente del PLD, el ex Presidente de la Republica\u00a0 Leonel Fern\u00e1ndez: \u00a0\u00a0\u201cAfortunadamente, en el PLD contamos con los dos hombres que en los \u00faltimos 20 a\u00f1os han timoneado e impulsado el desarrollo en la Rep\u00fablica Dominicana en las personas del presidente Medina y del expresidente Fern\u00e1ndez\u201d, \u00a0puntualiz\u00f3.<\/p>\n<p>Rechazando opiniones\u00a0 recientes hizo saber que quienes aferrados a\u00a0 corrientes de \u00a0simpat\u00edas desmedran de forma irrespetuosa en contra de sus compa\u00f1eros de Partido se est\u00e1n \u00a0autodescalificando para transitar en la ruta pol\u00edtica dominicana.<\/p>\n","protected":false},"excerpt":{"rendered":"<p>El Diputado del Partido de la Liberaci\u00f3n Dominicana (PLD),\u00a0 Levis Suriel , consider\u00f3 fundamental que en esa organizaci\u00f3n se \u00a0mantengan como norte la unidad partidaria. \u201cCreo, como la gran mayor\u00eda de nuestra organizaci\u00f3n, \u00a0que el presidente Danilo Medina ha sido un arquitecto de este partido, sobre sus hombros descansan en parte las conquistas pol\u00edticas alcanzadas [&hellip;]<\/p>\n","protected":false},"author":1,"featured_media":0,"comment_status":"closed","ping_status":"closed","sticky":false,"template":"","format":"standard","meta":{"tdm_status":"","tdm_grid_status":"","footnotes":""},"categories":[9],"tags":[],"_links":{"self":[{"href":"https:\/\/pldaldia.com\/portada\/wp-json\/wp\/v2\/posts\/10562"}],"collection":[{"href":"https:\/\/pldaldia.com\/portada\/wp-json\/wp\/v2\/posts"}],"about":[{"href":"https:\/\/pldaldia.com\/portada\/wp-json\/wp\/v2\/types\/post"}],"author":[{"embeddable":true,"href":"https:\/\/pldaldia.com\/portada\/wp-json\/wp\/v2\/users\/1"}],"replies":[{"embeddable":true,"href":"https:\/\/pldaldia.com\/portada\/wp-json\/wp\/v2\/comments?post=10562"}],"version-history":[{"count":0,"href":"https:\/\/pldaldia.com\/portada\/wp-json\/wp\/v2\/posts\/10562\/revisions"}],"wp:attachment":[{"href":"https:\/\/pldaldia.com\/portada\/wp-json\/wp\/v2\/media?parent=10562"}],"wp:term":[{"taxonomy":"category","embeddable":true,"href":"https:\/\/pldaldia.com\/portada\/wp-json\/wp\/v2\/categories?post=10562"},{"taxonomy":"post_tag","embeddable":true,"href":"https:\/\/pldaldia.com\/portada\/wp-json\/wp\/v2\/tags?post=10562"}],"curies":[{"name":"wp","href":"https:\/\/api.w.org\/{rel}","templated":true}]}}