{"id":10566,"date":"2017-06-17T00:45:52","date_gmt":"2017-06-17T00:45:52","guid":{"rendered":"http:\/\/pldaldia.com\/portada\/?p=10566"},"modified":"2017-06-17T00:45:52","modified_gmt":"2017-06-17T00:45:52","slug":"sistema-de-partidos-afectado","status":"publish","type":"post","link":"https:\/\/pldaldia.com\/portada\/sistema-de-partidos-afectado\/","title":{"rendered":"Sistema de partidos afectado"},"content":{"rendered":"<p><i style=\"font-size: large;\">Rafael Albuquerque explica que caso de supuestos sobornos\u00a0 de Obdebrecht ha afectado sistema de partidos<\/i><\/p>\n<p><span style=\"font-size: large;\">El ex vicepresidente de la Rep\u00fablica,\u00a0Rafael Albuquerque, \u00a0miembro del Comit\u00e9 Pol\u00edtico del Partido de la Liberaci\u00f3n Dominicana (PLD)\u00a0consider\u00f3 \u00a0que el caso \u00a0de Odebrecht representa un \u201cduro golpe para el sistema de partidos en la Rep\u00fablica Dominicana\u201d, no solo para su organizaci\u00f3n pol\u00edtica<\/span><\/p>\n<p><span style=\"font-size: large;\">Al ser consultado por los periodistas\u00a0Alburquerque \u00a0entiende que ese da\u00f1o al sistema partidario es lo que se debe resarcir en los actuales momentos demostrando que en las agrupaciones pol\u00edticas \u00a0predomina la honestidad, la seriedad y la responsabilidad.<\/span><\/p>\n<p><span style=\"font-size: large;\">\u201cEl da\u00f1o es al sistema pol\u00edtico de la Rep\u00fablica Dominicana y a los diferentes partidos y eso es lo que hay que resarcir ahora, en estos momentos y dar ejemplo de que hay honestidad, que hay seriedad, de que hay responsabilidad\u201d, expres\u00f3. \u00a0<\/span><\/p>\n<p><span style=\"font-size: large;\">El tambi\u00e9n jurista \u00a0es de opini\u00f3n \u00a0que la justicia deber\u00e1 juzgar libre de presi\u00f3n \u00a0para que se establezcan sanciones contra los verdaderos responsables en los supuestos sobornos.<\/span><\/p>\n<p><span style=\"font-size: large;\">Manifest\u00f3 que se debe dejar a la justicia\u00a0 actuar, reiterando su apego al precepto constitucional de\u00a0 \u00a0la presunci\u00f3n de inocencia de sus compa\u00f1eros y dem\u00e1s imputados.<\/span><\/p>\n<p><span style=\"font-size: large;\">En ese sentido reiter\u00f3 la posici\u00f3n del PLD \u00a0que viene planteando que el caso se lleve apegado al \u00a0\u00a0debido proceso de ley<\/span><\/p>\n<p><span style=\"font-size: large;\">Albuquerque explic\u00f3 que sus compa\u00f1eros de organismo han estado reuni\u00e9ndose de manera independiente analizando y tratando la situaci\u00f3n, aunque de manera org\u00e1nica no lo ha hecho el Comit\u00e9 Pol\u00edtico \u00a0<\/span><\/p>\n<p><span style=\"font-size: large;\">Rafael Alburquerque respondi\u00f3\u00a0 a los comunicadores en una visita que realiz\u00f3 \u00a0al Ministerio de Trabajo.<\/span><\/p>\n","protected":false},"excerpt":{"rendered":"<p>Rafael Albuquerque explica que caso de supuestos sobornos\u00a0 de Obdebrecht ha afectado sistema de partidos El ex vicepresidente de la Rep\u00fablica,\u00a0Rafael Albuquerque, \u00a0miembro del Comit\u00e9 Pol\u00edtico del Partido de la Liberaci\u00f3n Dominicana (PLD)\u00a0consider\u00f3 \u00a0que el caso \u00a0de Odebrecht representa un \u201cduro golpe para el sistema de partidos en la Rep\u00fablica Dominicana\u201d, no solo para su [&hellip;]<\/p>\n","protected":false},"author":1,"featured_media":0,"comment_status":"closed","ping_status":"closed","sticky":false,"template":"","format":"standard","meta":{"tdm_status":"","tdm_grid_status":"","footnotes":""},"categories":[9],"tags":[],"_links":{"self":[{"href":"https:\/\/pldaldia.com\/portada\/wp-json\/wp\/v2\/posts\/10566"}],"collection":[{"href":"https:\/\/pldaldia.com\/portada\/wp-json\/wp\/v2\/posts"}],"about":[{"href":"https:\/\/pldaldia.com\/portada\/wp-json\/wp\/v2\/types\/post"}],"author":[{"embeddable":true,"href":"https:\/\/pldaldia.com\/portada\/wp-json\/wp\/v2\/users\/1"}],"replies":[{"embeddable":true,"href":"https:\/\/pldaldia.com\/portada\/wp-json\/wp\/v2\/comments?post=10566"}],"version-history":[{"count":0,"href":"https:\/\/pldaldia.com\/portada\/wp-json\/wp\/v2\/posts\/10566\/revisions"}],"wp:attachment":[{"href":"https:\/\/pldaldia.com\/portada\/wp-json\/wp\/v2\/media?parent=10566"}],"wp:term":[{"taxonomy":"category","embeddable":true,"href":"https:\/\/pldaldia.com\/portada\/wp-json\/wp\/v2\/categories?post=10566"},{"taxonomy":"post_tag","embeddable":true,"href":"https:\/\/pldaldia.com\/portada\/wp-json\/wp\/v2\/tags?post=10566"}],"curies":[{"name":"wp","href":"https:\/\/api.w.org\/{rel}","templated":true}]}}