{"id":10578,"date":"2017-06-19T14:54:03","date_gmt":"2017-06-19T14:54:03","guid":{"rendered":"http:\/\/pldaldia.com\/portada\/?p=10578"},"modified":"2022-05-10T16:35:40","modified_gmt":"2022-05-10T20:35:40","slug":"economicas-121","status":"publish","type":"post","link":"https:\/\/pldaldia.com\/portada\/economicas-121\/","title":{"rendered":"Economicas"},"content":{"rendered":"<p>El Banco Central de Rep\u00fablica Dominicana se convirti\u00f3 en la sede, durante el pasado fin de semana,  de la III Reuni\u00f3n del Foro de Gerentes de Bancos Centrales, pertenecientes al Consejo Monetario Centroamericano (CMCA), que preside el gobernador del Banco Central de la Rep\u00fablica Dominicana,  H\u00e9ctor Valdez Albizu.<\/p>\n<p>El CMCA es un organismo con autonom\u00eda funcional creado en el a\u00f1o 1964, al que nuestro pa\u00eds se adhiri\u00f3 el 22 de junio del 2002, integrado por los gobernadores de los bancos centrales de Costa Rica, El Salvador, Guatemala, Honduras, Nicaragua y la Rep\u00fablica Dominicana.<\/p>\n<p>\u2026\u2026\u2026\u2026.<\/p>\n<p>El Ministerio de Turismo  inform\u00f3 que junto a una organizaci\u00f3n no gubernamental promover\u00e1 el turismo religioso como estrategia enfocada en presentar al mundo la historia y los lugares donde inici\u00f3 la difusi\u00f3n de la fe cat\u00f3lica en Am\u00e9rica.<\/p>\n<p>El jefe de la cartera, Francisco Javier Garc\u00eda, dijo en un comunicado que para esos fines se reuni\u00f3 con directivos de la fundaci\u00f3n Ram\u00f3n Pan\u00e9, encabezados por su vicepresidente, el arzobispo em\u00e9rito de la ciudad dominicana de Santiago (norte), Benito de la Rosa y Carpio<\/p>\n<p>\u2026\u2026\u2026\u2026\u2026\u2026.<\/p>\n<p>Los cr\u00e9ditos que ha otorgado Banca Solidaria  han impactado de manera directa a un mill\u00f3n 100 mil personas a nivel nacional.<\/p>\n<p>El dato lo revel\u00f3 la directora general de BS, Maira Jim\u00e9nez P\u00e9rez, quien dijo que han sido 370 mil los micros y peque\u00f1os empresarios beneficiados con financiamientos desde la creaci\u00f3n de la instituci\u00f3n.<\/p>\n","protected":false},"excerpt":{"rendered":"<p>El Banco Central de Rep\u00fablica Dominicana se convirti\u00f3 en la sede, durante el pasado fin de semana, de la III Reuni\u00f3n del Foro de Gerentes de Bancos Centrales, pertenecientes al Consejo Monetario Centroamericano (CMCA), que preside el gobernador del Banco Central de la Rep\u00fablica Dominicana, H\u00e9ctor Valdez Albizu. El CMCA es un organismo con autonom\u00eda [&hellip;]<\/p>\n","protected":false},"author":1,"featured_media":0,"comment_status":"closed","ping_status":"closed","sticky":false,"template":"","format":"standard","meta":{"tdm_status":"","tdm_grid_status":"","footnotes":""},"categories":[50,9],"tags":[],"_links":{"self":[{"href":"https:\/\/pldaldia.com\/portada\/wp-json\/wp\/v2\/posts\/10578"}],"collection":[{"href":"https:\/\/pldaldia.com\/portada\/wp-json\/wp\/v2\/posts"}],"about":[{"href":"https:\/\/pldaldia.com\/portada\/wp-json\/wp\/v2\/types\/post"}],"author":[{"embeddable":true,"href":"https:\/\/pldaldia.com\/portada\/wp-json\/wp\/v2\/users\/1"}],"replies":[{"embeddable":true,"href":"https:\/\/pldaldia.com\/portada\/wp-json\/wp\/v2\/comments?post=10578"}],"version-history":[{"count":0,"href":"https:\/\/pldaldia.com\/portada\/wp-json\/wp\/v2\/posts\/10578\/revisions"}],"wp:attachment":[{"href":"https:\/\/pldaldia.com\/portada\/wp-json\/wp\/v2\/media?parent=10578"}],"wp:term":[{"taxonomy":"category","embeddable":true,"href":"https:\/\/pldaldia.com\/portada\/wp-json\/wp\/v2\/categories?post=10578"},{"taxonomy":"post_tag","embeddable":true,"href":"https:\/\/pldaldia.com\/portada\/wp-json\/wp\/v2\/tags?post=10578"}],"curies":[{"name":"wp","href":"https:\/\/api.w.org\/{rel}","templated":true}]}}