{"id":10582,"date":"2017-06-19T14:55:23","date_gmt":"2017-06-19T14:55:23","guid":{"rendered":"http:\/\/pldaldia.com\/portada\/?p=10582"},"modified":"2017-06-19T14:55:23","modified_gmt":"2017-06-19T14:55:23","slug":"latinoamerica-con-las-barbas-en-remojo","status":"publish","type":"post","link":"https:\/\/pldaldia.com\/portada\/latinoamerica-con-las-barbas-en-remojo\/","title":{"rendered":"Latinoam\u00e9rica con las barbas en remojo"},"content":{"rendered":"<p>En un escenario propio del espect\u00e1culo pol\u00edtico el Presidente de los Estados Unidos se traslad\u00f3  a un teatro en Miami, en el Estado  de Florida para anunciar la cancelaci\u00f3n total   del acuerdo de la administraci\u00f3n anterior sobre Cuba.<\/p>\n<p>El anuncio del todopoderoso jefe de Estado se produce  pese a la oposici\u00f3n de una gran mayor\u00eda de norteamericanos que apoya la continuidad del acercamiento con la isla caribe\u00f1a.<br \/>\nEn un discurso animado  por numerosas demandas injerencistas a la Republica de Cuba, Trump anunciaba  la  firma de  una nueva pol\u00edtica hacia la naci\u00f3n caribe\u00f1a y ratific\u00f3 la vigencia del bloqueo econ\u00f3mico, comercial y financiero de 55 a\u00f1os, al cual , como se ha manifestado, se opone abrumadoramente la comunidad internacional.<\/p>\n<p>Como se advirti\u00f3 desde la campa\u00f1a electoral el gobierno de Trump ha resurgido  el estilo paranoico en la pol\u00edtica de los Estados Unidos  De  nuevo se intimida y se mete miedo.<\/p>\n<p>Tras considerar \u201cterrible\u201d y \u201cequivocado\u201d, el acuerdo arribado entre Ra\u00fal Castro y Barack Obama el nuevo inquilino de la Casa Blanca ech\u00f3 para atr\u00e1s lo acordado que pon\u00eda fin a 55 a\u00f1os de hostilidad para ir definiendo, poco a poco,  un nuevo perfil a unas relaciones entre vecinos.<\/p>\n<p>En momento de apertura,  el Presidente norteamericano vuelve a las restricciones,  a las prohibiciones y hasta posible injerencismo que toda la regi\u00f3n y el  mundo rechaza.<\/p>\n<p>Seguir\u00e1 el impedimento a  los norteamericanos realizar viajes tur\u00edsticos a la isla y limitar el comercio, con el prop\u00f3sito de impedir que llegue dinero al Estado cubano.<\/p>\n<p>Tambi\u00e9n  se aprob\u00f3 la prohibici\u00f3n de transacciones econ\u00f3micas, comerciales y financieras de compa\u00f1\u00edas norteamericanas con empresas vinculadas con las Fuerzas Armadas y los servicios de inteligencia y seguridad.<\/p>\n<p>Ahora hay nuevas amenazas del presidente de Estados Unidos contra Cuba en tiempo de agendas globales.<br \/>\nEste  cerco econ\u00f3mico, comercial y financiero impuesto por Estados Unidos contra Cuba es un gran  crimen  contra la mas grande de las Antillas, confirmando la paranoia dominante en la gesti\u00f3n Norteam\u00e9rica inaugurada en enero ultimo, que invita a los pa\u00edses de la regi\u00f3n a poner sus barbas en remojo.<\/p>\n","protected":false},"excerpt":{"rendered":"<p>En un escenario propio del espect\u00e1culo pol\u00edtico el Presidente de los Estados Unidos se traslad\u00f3 a un teatro en Miami, en el Estado de Florida para anunciar la cancelaci\u00f3n total del acuerdo de la administraci\u00f3n anterior sobre Cuba. El anuncio del todopoderoso jefe de Estado se produce pese a la oposici\u00f3n de una gran mayor\u00eda [&hellip;]<\/p>\n","protected":false},"author":1,"featured_media":0,"comment_status":"closed","ping_status":"closed","sticky":false,"template":"","format":"standard","meta":{"tdm_status":"","tdm_grid_status":"","footnotes":""},"categories":[24],"tags":[],"_links":{"self":[{"href":"https:\/\/pldaldia.com\/portada\/wp-json\/wp\/v2\/posts\/10582"}],"collection":[{"href":"https:\/\/pldaldia.com\/portada\/wp-json\/wp\/v2\/posts"}],"about":[{"href":"https:\/\/pldaldia.com\/portada\/wp-json\/wp\/v2\/types\/post"}],"author":[{"embeddable":true,"href":"https:\/\/pldaldia.com\/portada\/wp-json\/wp\/v2\/users\/1"}],"replies":[{"embeddable":true,"href":"https:\/\/pldaldia.com\/portada\/wp-json\/wp\/v2\/comments?post=10582"}],"version-history":[{"count":0,"href":"https:\/\/pldaldia.com\/portada\/wp-json\/wp\/v2\/posts\/10582\/revisions"}],"wp:attachment":[{"href":"https:\/\/pldaldia.com\/portada\/wp-json\/wp\/v2\/media?parent=10582"}],"wp:term":[{"taxonomy":"category","embeddable":true,"href":"https:\/\/pldaldia.com\/portada\/wp-json\/wp\/v2\/categories?post=10582"},{"taxonomy":"post_tag","embeddable":true,"href":"https:\/\/pldaldia.com\/portada\/wp-json\/wp\/v2\/tags?post=10582"}],"curies":[{"name":"wp","href":"https:\/\/api.w.org\/{rel}","templated":true}]}}