{"id":10584,"date":"2017-06-19T14:58:20","date_gmt":"2017-06-19T14:58:20","guid":{"rendered":"http:\/\/pldaldia.com\/portada\/?p=10584"},"modified":"2017-06-19T14:58:20","modified_gmt":"2017-06-19T14:58:20","slug":"reunion-de-la-oea-en-mexico-con-aprestos-contra-venezuela","status":"publish","type":"post","link":"https:\/\/pldaldia.com\/portada\/reunion-de-la-oea-en-mexico-con-aprestos-contra-venezuela\/","title":{"rendered":"Reuni\u00f3n de la OEA en M\u00e9xico con aprestos contra Venezuela"},"content":{"rendered":"<p>M\u00e9xico ser\u00e1 sede por primera vez de la Asamblea General de la Organizaci\u00f3n de los Estados Americanos (OEA), la n\u00famero 47, en la que Estados Unidos y el gobierno anfitri\u00f3n buscan imponer una pol\u00edtica intervencionista contra Venezuela.<\/p>\n<p>La cita, prevista para la Ciudad de M\u00e9xico, cambi\u00f3 de sede en previsi\u00f3n de protestas contra el gobierno del presidente Enrique Pe\u00f1a Nieto y en solidaridad con el proceso bolivariano que encabeza el mandatario Nicol\u00e1s Maduro.<\/p>\n<p>Venezuela anunci\u00f3 su retiro de la OEA, pero en esta ocasi\u00f3n la canciller Delcy Rodr\u00edguez estar\u00e1 en Canc\u00fan para dar la batalla en el hotel Moon Palace, convertido en un b\u00fanker rodeado de fuertes medidas de seguridad, tambi\u00e9n por los recientes hechos violentos que azotaron a esa ciudad tur\u00edstica, la cual estrena por estos d\u00edas a un alto oficial militar como jefe de seguridad.<\/p>\n<p>Noti resumen internacional<\/p>\n<p>Frente a las propuestas de algunas potencias de construir muros o vallas para frenar las migraciones, Bolivia aboga por un mundo sin barreras, una idea que defender\u00e1 en la Cumbre de los Pueblos esta semana en Cochabamba.<br \/>\n\u2026\u2026\u2026\u2026\u2026.<\/p>\n<p>La Central de Trabajadores de Argentina Aut\u00f3noma se alista otra vez para una nueva movilizaci\u00f3n el pr\u00f3ximo 27 de junio, en reclamo de mejoras salariales y contra la pobreza y la criminalizaci\u00f3n de la protesta social.<br \/>\n\u2026\u2026\u2026\u2026\u2026..<\/p>\n<p>El presidente uruguayo, Tabar\u00e9 V\u00e1zquez, y el resto de los poderes del Estado, rendir\u00e1n hoy homenaje al pr\u00f3cer nacional Jos\u00e9 Gervasio Artigas, al cumplirse el 253 aniversario de su natalicio.<br \/>\n\u2026\u2026\u2026\u2026\u2026.<\/p>\n<p>Las tensiones que vive Panam\u00e1 est\u00e1n centradas en el encuentro de hoy entre el presidente Juan Carlos Varela y su hom\u00f3logo de Estados Unidos, Donald Trump, y la posibilidad de que la soberan\u00eda nacional est\u00e9 en juego.<br \/>\n\u2026\u2026\u2026\u2026\u2026\u2026<\/p>\n<p>El Comit\u00e9 Especial de Descolonizaci\u00f3n de las Naciones Unidas analiza hoy la situaci\u00f3n de Puerto Rico, naci\u00f3n caribe\u00f1a sometida a cinco siglos de dominaci\u00f3n extranjera, los \u00faltimos 119 a\u00f1os por Estados Unidos.<\/p>\n","protected":false},"excerpt":{"rendered":"<p>M\u00e9xico ser\u00e1 sede por primera vez de la Asamblea General de la Organizaci\u00f3n de los Estados Americanos (OEA), la n\u00famero 47, en la que Estados Unidos y el gobierno anfitri\u00f3n buscan imponer una pol\u00edtica intervencionista contra Venezuela. La cita, prevista para la Ciudad de M\u00e9xico, cambi\u00f3 de sede en previsi\u00f3n de protestas contra el gobierno [&hellip;]<\/p>\n","protected":false},"author":1,"featured_media":0,"comment_status":"closed","ping_status":"closed","sticky":false,"template":"","format":"standard","meta":{"tdm_status":"","tdm_grid_status":"","footnotes":""},"categories":[9],"tags":[],"_links":{"self":[{"href":"https:\/\/pldaldia.com\/portada\/wp-json\/wp\/v2\/posts\/10584"}],"collection":[{"href":"https:\/\/pldaldia.com\/portada\/wp-json\/wp\/v2\/posts"}],"about":[{"href":"https:\/\/pldaldia.com\/portada\/wp-json\/wp\/v2\/types\/post"}],"author":[{"embeddable":true,"href":"https:\/\/pldaldia.com\/portada\/wp-json\/wp\/v2\/users\/1"}],"replies":[{"embeddable":true,"href":"https:\/\/pldaldia.com\/portada\/wp-json\/wp\/v2\/comments?post=10584"}],"version-history":[{"count":0,"href":"https:\/\/pldaldia.com\/portada\/wp-json\/wp\/v2\/posts\/10584\/revisions"}],"wp:attachment":[{"href":"https:\/\/pldaldia.com\/portada\/wp-json\/wp\/v2\/media?parent=10584"}],"wp:term":[{"taxonomy":"category","embeddable":true,"href":"https:\/\/pldaldia.com\/portada\/wp-json\/wp\/v2\/categories?post=10584"},{"taxonomy":"post_tag","embeddable":true,"href":"https:\/\/pldaldia.com\/portada\/wp-json\/wp\/v2\/tags?post=10584"}],"curies":[{"name":"wp","href":"https:\/\/api.w.org\/{rel}","templated":true}]}}