{"id":10587,"date":"2017-06-18T15:00:42","date_gmt":"2017-06-18T15:00:42","guid":{"rendered":"http:\/\/pldaldia.com\/portada\/?p=10587"},"modified":"2017-06-19T15:01:05","modified_gmt":"2017-06-19T15:01:05","slug":"apresamientos-crean-desaliento-en-el-pld-2","status":"publish","type":"post","link":"https:\/\/pldaldia.com\/portada\/apresamientos-crean-desaliento-en-el-pld-2\/","title":{"rendered":"Apresamientos crean desaliento en el PLD"},"content":{"rendered":"<p>Melanio Paredes, miembro del Comit\u00e9 Central del Partido de la Liberaci\u00f3n Dominicana  admiti\u00f3 que las acusaciones, sometimientos y apresamientos de sus compa\u00f1eros de partido ha provocado un gran desaliento en la fila de la organizaci\u00f3n.<\/p>\n<p>Asegur\u00f3 que el caso Odebrecht, por el cual hay altos dirigentes peledeistas apresados, entre ellos miembros del Comit\u00e9 Pol\u00edtico, puede convertirse en una misa de salud para el PLD.<\/p>\n<p>Entrevistado por H\u00e9ctor Herrera Cabral, Paredes  record\u00f3 que todo el mundo aqu\u00ed sabe que ha entrado en el proceso de competencia interna del PLD actores que no tienen la condici\u00f3n de santos.<\/p>\n<p>Insisti\u00f3 en que lo que ha acontecido es aleccionador porque lo que ha estado en juego es una acusaci\u00f3n de soborno y enriquecimiento il\u00edcito, raz\u00f3n por la cual todo eso debe llevar a los peledeistas a revisar sus actuaciones.<\/p>\n<p>\u201cPara m\u00ed esto es una misa de salud para el Partido de la Liberaci\u00f3n Dominicana porque, independientemente de la presunci\u00f3n de inocencia de figuras emblem\u00e1ticas de las que yo respeto en mi partido, evidentemente hemos estado actuando en los \u00faltimos a\u00f1os como si no hubiera l\u00edmites\u201d, reiter\u00f3<\/p>\n<p>Lament\u00f3 que como m\u00e9todo de trabajo se hayan montado un  sistema pol\u00edtico clientelar en el que las d\u00e1divas y los recursos han sido determinantes para conseguir canonj\u00edas y posiciones.<\/p>\n<p>\u201cY naturalmente que esto obliga a que nosotros nos revisemos, porque ese no fue el accionar y la cultura que nos leg\u00f3 el profesor Juan Bosch al fundar el Partido de la Liberaci\u00f3n Dominicana en el a\u00f1o de 1973\u201d, sostuvo.<\/p>\n","protected":false},"excerpt":{"rendered":"<p>Melanio Paredes, miembro del Comit\u00e9 Central del Partido de la Liberaci\u00f3n Dominicana admiti\u00f3 que las acusaciones, sometimientos y apresamientos de sus compa\u00f1eros de partido ha provocado un gran desaliento en la fila de la organizaci\u00f3n. Asegur\u00f3 que el caso Odebrecht, por el cual hay altos dirigentes peledeistas apresados, entre ellos miembros del Comit\u00e9 Pol\u00edtico, puede [&hellip;]<\/p>\n","protected":false},"author":1,"featured_media":0,"comment_status":"closed","ping_status":"closed","sticky":false,"template":"","format":"standard","meta":{"tdm_status":"","tdm_grid_status":"","footnotes":""},"categories":[9],"tags":[],"_links":{"self":[{"href":"https:\/\/pldaldia.com\/portada\/wp-json\/wp\/v2\/posts\/10587"}],"collection":[{"href":"https:\/\/pldaldia.com\/portada\/wp-json\/wp\/v2\/posts"}],"about":[{"href":"https:\/\/pldaldia.com\/portada\/wp-json\/wp\/v2\/types\/post"}],"author":[{"embeddable":true,"href":"https:\/\/pldaldia.com\/portada\/wp-json\/wp\/v2\/users\/1"}],"replies":[{"embeddable":true,"href":"https:\/\/pldaldia.com\/portada\/wp-json\/wp\/v2\/comments?post=10587"}],"version-history":[{"count":0,"href":"https:\/\/pldaldia.com\/portada\/wp-json\/wp\/v2\/posts\/10587\/revisions"}],"wp:attachment":[{"href":"https:\/\/pldaldia.com\/portada\/wp-json\/wp\/v2\/media?parent=10587"}],"wp:term":[{"taxonomy":"category","embeddable":true,"href":"https:\/\/pldaldia.com\/portada\/wp-json\/wp\/v2\/categories?post=10587"},{"taxonomy":"post_tag","embeddable":true,"href":"https:\/\/pldaldia.com\/portada\/wp-json\/wp\/v2\/tags?post=10587"}],"curies":[{"name":"wp","href":"https:\/\/api.w.org\/{rel}","templated":true}]}}