{"id":10594,"date":"2017-06-20T00:29:22","date_gmt":"2017-06-20T00:29:22","guid":{"rendered":"http:\/\/pldaldia.com\/portada\/?p=10594"},"modified":"2017-06-20T00:29:22","modified_gmt":"2017-06-20T00:29:22","slug":"dirigentes-del-pld-responden-a-supuestos-intelectuales","status":"publish","type":"post","link":"https:\/\/pldaldia.com\/portada\/dirigentes-del-pld-responden-a-supuestos-intelectuales\/","title":{"rendered":"Dirigentes del PLD responden a supuestos intelectuales"},"content":{"rendered":"<p>Dirigentes del Partido de la Liberaci\u00f3n Dominicana (PLD)  coincidieron en restar calidad al documento de un grup\u00fasculo, que se autotitula de intelectuales, quienes piden un nuevo orden democr\u00e1tico y la renuncia del Presidente Danilo Medina<\/p>\n<p>El diputado  Radham\u00e9s Camacho,  miembro del Comit\u00e9 Pol\u00edtico, dijo que esos\u201d intelectuales\u201d lo que deben hacer es ponerse la chaqueta de los partidos a los que pertenecen.                       <\/p>\n<p>Miriam Cabral, quien al igual que Camacho es diputada e integrante del Comit\u00e9 Pol\u00edtico del PLD,  considera que la exagerada petici\u00f3n es  una forma de buscar c\u00e1mara y portadas en los peri\u00f3dicos.                       <\/p>\n<p>Agreg\u00f3 que s\u00ed entienden que el presidente Medina no lo ha hecho bien, que vayan a los campos, las escuelas y los sitios donde el mandatario ha realizado visitas sorpresas y pregunten a las mujeres y a los productores.                       <\/p>\n<p>El senador  Dionis S\u00e1nchez indic\u00f3 que esa petici\u00f3n de un grupo de intelectuales es el disparate m\u00e1s grande, ya que Medina est\u00e1 cumpliendo un per\u00edodo constitucional por voluntad del pueblo.                       <\/p>\n<p>Este lunes personas que se afirma firmaron  documento en que se solicita la renuncia del presidente Danilo Medina, reclamaron  que sus nombres sean retirados del mismo, debido a que no est\u00e1n de acuerdo con sus conclusiones, y en particular con solicitar la renuncia del presidente Danilo Medina.<\/p>\n<p>Entre los que solicitaron el retiro de sus nombres se encuentran el soci\u00f3logo C\u00e9sar P\u00e9rez, la activista Gnosis Rivera, el profesor universitario Ricardo Ripoll, y un reconocido abogado que aparece como firmando pero que afirma no haber dado su consentimiento para que nombre se colocara en el texto.<\/p>\n","protected":false},"excerpt":{"rendered":"<p>Dirigentes del Partido de la Liberaci\u00f3n Dominicana (PLD) coincidieron en restar calidad al documento de un grup\u00fasculo, que se autotitula de intelectuales, quienes piden un nuevo orden democr\u00e1tico y la renuncia del Presidente Danilo Medina El diputado Radham\u00e9s Camacho, miembro del Comit\u00e9 Pol\u00edtico, dijo que esos\u201d intelectuales\u201d lo que deben hacer es ponerse la chaqueta [&hellip;]<\/p>\n","protected":false},"author":1,"featured_media":0,"comment_status":"closed","ping_status":"closed","sticky":false,"template":"","format":"standard","meta":{"tdm_status":"","tdm_grid_status":"","footnotes":""},"categories":[9],"tags":[],"_links":{"self":[{"href":"https:\/\/pldaldia.com\/portada\/wp-json\/wp\/v2\/posts\/10594"}],"collection":[{"href":"https:\/\/pldaldia.com\/portada\/wp-json\/wp\/v2\/posts"}],"about":[{"href":"https:\/\/pldaldia.com\/portada\/wp-json\/wp\/v2\/types\/post"}],"author":[{"embeddable":true,"href":"https:\/\/pldaldia.com\/portada\/wp-json\/wp\/v2\/users\/1"}],"replies":[{"embeddable":true,"href":"https:\/\/pldaldia.com\/portada\/wp-json\/wp\/v2\/comments?post=10594"}],"version-history":[{"count":0,"href":"https:\/\/pldaldia.com\/portada\/wp-json\/wp\/v2\/posts\/10594\/revisions"}],"wp:attachment":[{"href":"https:\/\/pldaldia.com\/portada\/wp-json\/wp\/v2\/media?parent=10594"}],"wp:term":[{"taxonomy":"category","embeddable":true,"href":"https:\/\/pldaldia.com\/portada\/wp-json\/wp\/v2\/categories?post=10594"},{"taxonomy":"post_tag","embeddable":true,"href":"https:\/\/pldaldia.com\/portada\/wp-json\/wp\/v2\/tags?post=10594"}],"curies":[{"name":"wp","href":"https:\/\/api.w.org\/{rel}","templated":true}]}}