{"id":10596,"date":"2017-06-20T00:36:43","date_gmt":"2017-06-20T00:36:43","guid":{"rendered":"http:\/\/pldaldia.com\/portada\/?p=10596"},"modified":"2017-06-20T00:36:43","modified_gmt":"2017-06-20T00:36:43","slug":"comision-bicameral-aprueba-reglamentar-campanas-internas-de-partidos","status":"publish","type":"post","link":"https:\/\/pldaldia.com\/portada\/comision-bicameral-aprueba-reglamentar-campanas-internas-de-partidos\/","title":{"rendered":"Comisi\u00f3n bicameral aprueba reglamentar campa\u00f1as internas de partidos"},"content":{"rendered":"<p>El Senador Aristides Victoria Yeb,  presidente de la comisi\u00f3n bicameral, que estudia las leyes de Partidos y del R\u00e9gimen Electoral, inform\u00f3  que en la reuni\u00f3n de este lunes avanzaron en el conocimiento de la Ley de Partidos hasta el art\u00edculo 52, que trata sobre las prohibiciones de las campa\u00f1as internas de las organizaciones<\/p>\n<p>Se\u00f1al\u00f3 que se acord\u00f3 que en las precampa\u00f1as  \u201chaya un l\u00edmite de la propaganda pol\u00edtica, que haya prohibici\u00f3n de propaganda radial y televisiva en los medios de comunicaci\u00f3n y que las actividades sean realizadas bajo techo\u201d,<\/p>\n<p>Tambi\u00e9n se regular+a el uso de los medios de comunicaci\u00f3n, limitando a los precandidatos a participar en entrevistas o comparecencias, pero no propaganda a trav\u00e9s de estos.<\/p>\n<p>De igual modo, se acord\u00f3 que los delitos electr\u00f3nicos a trav\u00e9s de las redes sociales en los procesos internos y externos de los partidos ser\u00e1n sancionados de acuerdo a la Ley de Delitos Electr\u00f3nicos.<\/p>\n<p>Asimismo, se prohibir\u00e1 la colocaci\u00f3n de vallas, afiches, pinturas de \u00e1rboles, murales en propiedades p\u00fablicas y privadas sin autorizaci\u00f3n del propietario, as\u00ed como la propaganda en veh\u00edculos de transporte p\u00fablico.<\/p>\n<p>El senador Victoria Yeb garantiz\u00f3 que el esp\u00edritu de trabajo en los miembros de la comisi\u00f3n es que para este 2017 se apruebe la Ley de Partidos<\/p>\n<p>En horas de la ma\u00f1ana de este lunes el ex Presidente Leonel Fernandez, Presidente del PLD, escribi\u00f3 en su \u201cObservatorio Global\u201d ponderando  el avance alcanzado por la Comisi\u00f3n Bicameral en el conocimiento de la Ley de Partidos y apuntando sobre  el inter\u00e9s del PLD para contar en nuestro marco legal con una norma de esa naturaleza.<\/p>\n","protected":false},"excerpt":{"rendered":"<p>El Senador Aristides Victoria Yeb, presidente de la comisi\u00f3n bicameral, que estudia las leyes de Partidos y del R\u00e9gimen Electoral, inform\u00f3 que en la reuni\u00f3n de este lunes avanzaron en el conocimiento de la Ley de Partidos hasta el art\u00edculo 52, que trata sobre las prohibiciones de las campa\u00f1as internas de las organizaciones Se\u00f1al\u00f3 que [&hellip;]<\/p>\n","protected":false},"author":1,"featured_media":0,"comment_status":"closed","ping_status":"closed","sticky":false,"template":"","format":"standard","meta":{"tdm_status":"","tdm_grid_status":"","footnotes":""},"categories":[9],"tags":[],"_links":{"self":[{"href":"https:\/\/pldaldia.com\/portada\/wp-json\/wp\/v2\/posts\/10596"}],"collection":[{"href":"https:\/\/pldaldia.com\/portada\/wp-json\/wp\/v2\/posts"}],"about":[{"href":"https:\/\/pldaldia.com\/portada\/wp-json\/wp\/v2\/types\/post"}],"author":[{"embeddable":true,"href":"https:\/\/pldaldia.com\/portada\/wp-json\/wp\/v2\/users\/1"}],"replies":[{"embeddable":true,"href":"https:\/\/pldaldia.com\/portada\/wp-json\/wp\/v2\/comments?post=10596"}],"version-history":[{"count":0,"href":"https:\/\/pldaldia.com\/portada\/wp-json\/wp\/v2\/posts\/10596\/revisions"}],"wp:attachment":[{"href":"https:\/\/pldaldia.com\/portada\/wp-json\/wp\/v2\/media?parent=10596"}],"wp:term":[{"taxonomy":"category","embeddable":true,"href":"https:\/\/pldaldia.com\/portada\/wp-json\/wp\/v2\/categories?post=10596"},{"taxonomy":"post_tag","embeddable":true,"href":"https:\/\/pldaldia.com\/portada\/wp-json\/wp\/v2\/tags?post=10596"}],"curies":[{"name":"wp","href":"https:\/\/api.w.org\/{rel}","templated":true}]}}