{"id":10614,"date":"2017-06-20T15:12:13","date_gmt":"2017-06-20T15:12:13","guid":{"rendered":"http:\/\/pldaldia.com\/portada\/?p=10614"},"modified":"2022-05-10T16:35:40","modified_gmt":"2022-05-10T20:35:40","slug":"economicas-122","status":"publish","type":"post","link":"https:\/\/pldaldia.com\/portada\/economicas-122\/","title":{"rendered":"Econ\u00f3micas"},"content":{"rendered":"<p>Los nuevos productos  que imponen la din\u00e1mica de las zonas francas, son los art\u00edculos de joyer\u00eda y conexos, los el\u00e9ctricos, productos farmac\u00e9uticos, m\u00e9dicos y quir\u00fargicos, as\u00ed como las manufacturas de calzados y de tabaco, agrupadas en las llamadas \u201cOtras zonas francas\u201d.<\/p>\n<p>Las afirmaciones est\u00e1n contenidas en el an\u00e1lisis \u201cSobre la estructura productiva y din\u00e1mica exportadora de la industria manufacturera de la Rep\u00fablica Dominicana\u201d, preparado por Juan Tom\u00e1s Monegro, viceministro de Desarrollo Industrial; y Carlos M. Gratereaux, especialista sectorial, ambos del Ministerio de Industria, Comercio y Mipymes<br \/>\n\u2026\u2026\u2026\u2026\u2026\u2026\u2026\u2026<br \/>\nLa Comisi\u00f3n Econ\u00f3mica para Am\u00e9rica Latina y el Caribe (CEPAL), revel\u00f3 que el 70 por ciento de la leche producida en las fincas de la Rep\u00fablica Dominicana no es apta para el procesamiento industrial.<\/p>\n<p>La CEPAL dijo en su informe \u201cFortalecimiento de la cadena de valor de los l\u00e1cteos en Rep\u00fablica Dominicana\u201d, que esta realidad ocasiona un gran desequilibrio entre las necesidades de venta de los productores y la demanda de abastecimiento de la mediana y la gran industria nacional.<br \/>\n\u2026\u2026\u2026\u2026\u2026\u2026\u2026\u2026.<\/p>\n<p>Entre 2008 y 2015 la desigualdad en la distribuci\u00f3n del ingreso de las personas disminuy\u00f3 en Am\u00e9rica Latina gracias a la prioridad que le dieron los pa\u00edses a los objetivos de desarrollo social, pero su ritmo de descenso se enlenteci\u00f3 entre 2012 y 2015 y los niveles actuales siguen siendo muy elevados para alcanzar el desarrollo sostenible, seg\u00fan la CEPAL.<\/p>\n","protected":false},"excerpt":{"rendered":"<p>Los nuevos productos que imponen la din\u00e1mica de las zonas francas, son los art\u00edculos de joyer\u00eda y conexos, los el\u00e9ctricos, productos farmac\u00e9uticos, m\u00e9dicos y quir\u00fargicos, as\u00ed como las manufacturas de calzados y de tabaco, agrupadas en las llamadas \u201cOtras zonas francas\u201d. Las afirmaciones est\u00e1n contenidas en el an\u00e1lisis \u201cSobre la estructura productiva y din\u00e1mica exportadora [&hellip;]<\/p>\n","protected":false},"author":1,"featured_media":0,"comment_status":"closed","ping_status":"closed","sticky":false,"template":"","format":"standard","meta":{"tdm_status":"","tdm_grid_status":"","footnotes":""},"categories":[50,9],"tags":[],"_links":{"self":[{"href":"https:\/\/pldaldia.com\/portada\/wp-json\/wp\/v2\/posts\/10614"}],"collection":[{"href":"https:\/\/pldaldia.com\/portada\/wp-json\/wp\/v2\/posts"}],"about":[{"href":"https:\/\/pldaldia.com\/portada\/wp-json\/wp\/v2\/types\/post"}],"author":[{"embeddable":true,"href":"https:\/\/pldaldia.com\/portada\/wp-json\/wp\/v2\/users\/1"}],"replies":[{"embeddable":true,"href":"https:\/\/pldaldia.com\/portada\/wp-json\/wp\/v2\/comments?post=10614"}],"version-history":[{"count":0,"href":"https:\/\/pldaldia.com\/portada\/wp-json\/wp\/v2\/posts\/10614\/revisions"}],"wp:attachment":[{"href":"https:\/\/pldaldia.com\/portada\/wp-json\/wp\/v2\/media?parent=10614"}],"wp:term":[{"taxonomy":"category","embeddable":true,"href":"https:\/\/pldaldia.com\/portada\/wp-json\/wp\/v2\/categories?post=10614"},{"taxonomy":"post_tag","embeddable":true,"href":"https:\/\/pldaldia.com\/portada\/wp-json\/wp\/v2\/tags?post=10614"}],"curies":[{"name":"wp","href":"https:\/\/api.w.org\/{rel}","templated":true}]}}