{"id":10849,"date":"2017-06-12T13:54:06","date_gmt":"2017-06-12T13:54:06","guid":{"rendered":"http:\/\/pldaldia.com\/portada\/?p=10849"},"modified":"2017-07-06T13:55:38","modified_gmt":"2017-07-06T13:55:38","slug":"la-solidaridad-es-que-se-respeten-sus-derechos","status":"publish","type":"post","link":"https:\/\/pldaldia.com\/portada\/la-solidaridad-es-que-se-respeten-sus-derechos\/","title":{"rendered":"La solidaridad es que se respeten sus derechos"},"content":{"rendered":"<p>Regidos por la prudencia que debe girar en la pr\u00e1ctica de las organizaciones pol\u00edticas y los pol\u00edticos, el Partido de la Liberaci\u00f3n Dominicana se pronunci\u00f3 manifestando su publico y manifiesto inter\u00e9s en el debido proceso con los cinco dirigentes de nuestra organizaci\u00f3n, sometidos a la acci\u00f3n de la justicia, por los supuestos sobornos en el pa\u00eds de la constructora Odebrecht, poniendo a su disposici\u00f3n los abogados de nuestro Partido.<\/p>\n<p>En los 43 a\u00f1os de vida, el Partido de la Liberaci\u00f3n Dominicana ha desarrollado sus actividades apegado a los principios \u00e9ticos establecidos en sus Estatutos y Declaraci\u00f3n de Principios, en los que la transparencia juega un papel de primer orden. El caso en cuesti\u00f3n no es la excepci\u00f3n.<\/p>\n<p>Las afirmaciones de que la incertidumbre es predominante a lo interno del Partido de la Liberaci\u00f3n Dominicanas, las proyecciones de grietas insalvables, la fractura de la unidad, denominador com\u00fan en los pron\u00f3sticos de los adversarios, confirman la existencia de un gui\u00f2n en contra del PLD, aplicado ya a otros partidos en la regi\u00f3n.<\/p>\n<p>Ning\u00fan peledeista se siente regocijado con lo acontecido y estamos conscientes de que hoy mas que nunca debemos apelar a la unidad partidaria, la cual esta sujeta a los acuerdos internos, aprobados por sus organismos de la mas alta direcci\u00f3n.<\/p>\n<p>Respecto al fallo del Juez de Instrucci\u00f3n Especial de la Suprema Corte de Justicia, se est\u00e1 en una fase de investigaci\u00f3n de ah\u00ed que el juez dictara medida de coerci\u00f3n a los fines de que el ministerio publico re\u00fana las pruebas para en cada caso establecer la responsabilidades penales. El Partido de la Liberaci\u00f3n Dominicana, conf\u00eda en que ese proceso de investigaci\u00f3n se ci\u00f1a a la norma jur\u00eddica y constitucional por lo que a todos los arrestados y especialmente a los dirigentes del PLD, se le debe dar un tratamiento respetuoso y partir de la premisa de que son inocentes hasta probar con seriedad lo contrario<\/p>\n<p>Se debe entender en las filas del Partido que quien ha sometido a los arrestados es el gobierno, cuya responsabilidad directa lo es el Partido de la Liberaci\u00f3n Dominicana, y que cinco de los sometidos son dirigentes del PLD, por lo que se debe suponer sin ninguna duda que las normas jur\u00eddicas prevalecer\u00e1n y los compa\u00f1eros y dem\u00e1s arrestados tendr\u00e1n la oportunidad de demostrar su inocencia.<\/p>\n","protected":false},"excerpt":{"rendered":"<p>Regidos por la prudencia que debe girar en la pr\u00e1ctica de las organizaciones pol\u00edticas y los pol\u00edticos, el Partido de la Liberaci\u00f3n Dominicana se pronunci\u00f3 manifestando su publico y manifiesto inter\u00e9s en el debido proceso con los cinco dirigentes de nuestra organizaci\u00f3n, sometidos a la acci\u00f3n de la justicia, por los supuestos sobornos en el [&hellip;]<\/p>\n","protected":false},"author":1,"featured_media":0,"comment_status":"closed","ping_status":"closed","sticky":false,"template":"","format":"standard","meta":{"tdm_status":"","tdm_grid_status":"","footnotes":""},"categories":[26],"tags":[],"_links":{"self":[{"href":"https:\/\/pldaldia.com\/portada\/wp-json\/wp\/v2\/posts\/10849"}],"collection":[{"href":"https:\/\/pldaldia.com\/portada\/wp-json\/wp\/v2\/posts"}],"about":[{"href":"https:\/\/pldaldia.com\/portada\/wp-json\/wp\/v2\/types\/post"}],"author":[{"embeddable":true,"href":"https:\/\/pldaldia.com\/portada\/wp-json\/wp\/v2\/users\/1"}],"replies":[{"embeddable":true,"href":"https:\/\/pldaldia.com\/portada\/wp-json\/wp\/v2\/comments?post=10849"}],"version-history":[{"count":0,"href":"https:\/\/pldaldia.com\/portada\/wp-json\/wp\/v2\/posts\/10849\/revisions"}],"wp:attachment":[{"href":"https:\/\/pldaldia.com\/portada\/wp-json\/wp\/v2\/media?parent=10849"}],"wp:term":[{"taxonomy":"category","embeddable":true,"href":"https:\/\/pldaldia.com\/portada\/wp-json\/wp\/v2\/categories?post=10849"},{"taxonomy":"post_tag","embeddable":true,"href":"https:\/\/pldaldia.com\/portada\/wp-json\/wp\/v2\/tags?post=10849"}],"curies":[{"name":"wp","href":"https:\/\/api.w.org\/{rel}","templated":true}]}}