{"id":11063,"date":"2017-06-15T21:19:42","date_gmt":"2017-06-15T21:19:42","guid":{"rendered":"http:\/\/pldaldia.com\/portada\/?p=11063"},"modified":"2017-07-14T21:22:08","modified_gmt":"2017-07-14T21:22:08","slug":"el-partido-tiene-que-rescatar-la-solidaridad-y-la-disciplina","status":"publish","type":"post","link":"https:\/\/pldaldia.com\/portada\/el-partido-tiene-que-rescatar-la-solidaridad-y-la-disciplina\/","title":{"rendered":"El partido tiene que rescatar la solidaridad y la disciplina"},"content":{"rendered":"<p>Por Jes\u00fas Reyes Mota<\/p>\n<p>Quien ha visitado la Casa Nacional del Partido de la Liberaci\u00f3n Dominicana durante los \u00faltimos 20 a\u00f1os se ha encontrado en el sal\u00f3n de recepci\u00f3n con el rostro que ilustra este reportaje, se trata de la compa\u00f1era Isabel \u00c1lvarez.<br \/>\nTiene m\u00e1s del tiempo citado atendiendo a los miembros, amigos, simpatizantes, estudiantes, visitantes quienes acuden a diario a la sede nacional del PLD en busca de servicios y orientaciones.<\/p>\n<p>Isabel \u00c1lvarez fue asignada a la recepci\u00f3n de la Casa Nacional del PLD por su militancia partidaria y como tal, conocedora de las normas y reglas del Partido. En el momento de la designaci\u00f3n ya ten\u00eda tiempo en la sede pelede\u00edsta.<br \/>\nDefine su trabajo como una verdadera escuela, donde ha tenido que aprender adem\u00e1s de las estructuras org\u00e1nicas del partido, relaciones humanas y hasta sicolog\u00eda pr\u00e1ctica. \u201cHasta guardia somos\u201d, remata.<\/p>\n<p>\u201cAqu\u00ed vienen buscando citas con el presidente de la Rep\u00fablica, ministros y empleos en la administraci\u00f3n p\u00fablica. Tengo que explicarles a los compa\u00f1eros que este es un partido pol\u00edtico y que como tal solo se ofrecen orientaciones pol\u00edticas, y decirles hacia d\u00f3nde se deben dirigir\u201d, para canalizar lo que procuran.<\/p>\n<p>Isabel, como le llaman sus compa\u00f1eros, lleg\u00f3 a la sede pelede\u00edsta en 1993 recomendada por Luis N\u00fa\u00f1ez Dipl\u00e1n, encargado del Centro de Documentaci\u00f3n en aquel entonces, con quien compart\u00eda el mismo Comit\u00e9 de Base en el Comit\u00e9 Intermedio Francisco Alberto Caama\u00f1o De\u00f1\u00f3. Tres a\u00f1os m\u00e1s tarde fue trasladada a la recepci\u00f3n.<\/p>\n<p>Recuerda que para su ingreso a la Casa Nacional del PLD el Comit\u00e9 Intermedio le hizo una comunicaci\u00f3n a la direcci\u00f3n partidaria y que fue evaluada por Primitivo Moquete y Francisco de la Cruz, autoridades de la gobernaci\u00f3n de la sede del PLD.<br \/>\nRefiere que el fundador del Partido de la Liberaci\u00f3n Dominicana, profesor Juan Bosch, cada vez que visitaba la Casa Nacional cruzaba por la recepci\u00f3n y la saludaba con una sonrisa y le hac\u00eda un chiste. \u201cUn d\u00eda se detuvo frente a la fotograf\u00eda suya que est\u00e1 en la pared frontal y me pregunt\u00f3 \u2014usted conoce ese se\u00f1or. \u2014Le contest\u00e9 que s\u00ed, que ese era mi padre pol\u00edtico. Es usted quien me ense\u00f1\u00f3 a defender mis derechos como mujer y ciudadana.<\/p>\n<p>\u201cOtro d\u00eda, al retirarse de la sede y cruzar por la recepci\u00f3n me levanta el brazo en se\u00f1al de adi\u00f3s y le digo \u201cvaya con Dios, don Juan\u201d, entonces se me acerca y me dice: \u201cdame el pasaje para pag\u00e1rselo\u201d, cuenta de manera jocosa Isabel, destacando el buen humor de don Juan.<\/p>\n<p>De esos contactos con el Profesor Juan Bosch recuerda que estando en la tertulia literaria del Hostal Nicol\u00e1s de Ovando, donde se le asignaba en una labor de protocolo y vigilancia, Bosch, a la salida, esperaba que su esposa, do\u00f1a Carmen Quidiello, subiera primero al autom\u00f3vil y entonces dec\u00eda: \u201ccompa\u00f1eras, vengan ahora para que me den el beso de despedida\u201d. Qu\u00e9 grato recuerdo, coment\u00f3 Isabel, mientras los participantes en el conversatorio re\u00edan a carcajada.<\/p>\n<p>Militante partidaria<\/p>\n<p>La compa\u00f1era Isabel \u00c1lvarez se organiz\u00f3 en nuestro Partido a principio de la d\u00e9cada de 1980, a trav\u00e9s de un Comit\u00e9 Patri\u00f3tico y Popular, los llamados CPP, en el Comit\u00e9 Intermedio Francisco Alberto Caama\u00f1o De\u00f1\u00f3, donde adquiri\u00f3 la membres\u00eda luego de pasar por un C\u00edrculo de Estudios.<\/p>\n<p><a href=\"http:\/\/pldaldia.com\/portada\/wp-content\/uploads\/2017\/06\/tr44.png\" rel=\"attachment wp-att-11066\"><img decoding=\"async\" loading=\"lazy\" class=\"alignnone size-full wp-image-11066\" src=\"http:\/\/pldaldia.com\/portada\/wp-content\/uploads\/2017\/06\/tr44.png\" alt=\"tr44\" width=\"332\" height=\"280\" \/><\/a>En la actualidad pertenece al Comit\u00e9 Intermedio Pedro Francisco Bon\u00f3, uno de los desprendimientos del Caama\u00f1o, que cubre el \u00e1rea del sector Gualey, ahora en la Circunscripci\u00f3n Electoral Tres del Distrito Nacional.<\/p>\n<p>Cuenta que estando en el Comit\u00e9 Intermedio Francisco Alberto Caama\u00f1o De\u00f1\u00f3 fue secretaria general del Comit\u00e9 de Base tres por varios a\u00f1os, compartiendo con compa\u00f1eros como Luis N\u00fa\u00f1ez Dipl\u00e1n, Patricio Manzueta y Papo Duque. Rememora que Sof\u00eda Azcona era la activista nacional.<\/p>\n<p>Durante la entrevista con Vanguardia del Pueblo la dirigente mostr\u00f3 una fotograf\u00eda donde aparece junto a Juan Bosch. Dijo que le fue tomada durante la \u00faltima visita que el expresidente de la Rep\u00fablica hizo al Comit\u00e9 Intermedio Francisco Alberto Caama\u00f1o De\u00f1\u00f3 y que el vestuario de reina que luce se debe a que represent\u00f3 a la \u201cMadre Patria\u201d en una obra de teatro que present\u00f3 el Comit\u00e9 Intermedio y que Bosch presenci\u00f3.<\/p>\n<p>Igualmente, expuso algunos de los folletos que se utilizaban en los C\u00edrculos de Estudios y ejemplares de la revista \u201cPol\u00edtica: Teor\u00eda y Acci\u00f3n\u201d que conserva como tesoros, as\u00ed como un folleto donde figura su nombre y fotograf\u00eda como candidata a regidora en el 1994.<\/p>\n<p>Relata que por su trabajo y desarrollo pol\u00edtico la direcci\u00f3n del Comit\u00e9 Francisco Alberto Caama\u00f1o le hizo un reconocimiento y le regal\u00f3 un ejemplar del libro \u201cEl PLD un partido \u00fanico en Am\u00e9rica\u201d, autografiado por el Profesor Juan Bosch. Recientemente, Isabel fue reconocida como recepcionista por Radham\u00e9s Camacho, miembro del Comit\u00e9 Pol\u00edtico del PLD en el tradicional encuentro que organiza para homenajear a las madres pelede\u00edstas y adepe\u00edstas.<\/p>\n<p>Principios pelede\u00edstas<\/p>\n<p>Con profundo pesar expresa que extra\u00f1a la solidaridad y el calor humano del PLD en sus inicios. \u201cExtra\u00f1o mucho el calor humano, la formaci\u00f3n pol\u00edtica, la disciplina, la unificaci\u00f3n de criterios, que habl\u00e1bamos un mismo idioma, y nos entend\u00edamos y nos respet\u00e1bamos todos\u201d.<\/p>\n<p>Cuando se produjo la apertura del Partido, se eliminaron los C\u00edrculos de Estudios, y el voto org\u00e1nico consciente se transform\u00f3 en voto individual universal y secreto, por lo que, confiesa, sufri\u00f3 mucho. \u201cCreo que todav\u00eda se puede rescatar el Partido impulsando la formaci\u00f3n pol\u00edtica, la \u00e9tica y la disciplina\u201d, expresa.<\/p>\n<p>Sugiere que se rescate la cadena de comunicaci\u00f3n que ten\u00eda el Partido v\u00eda los activistas, quienes llevaban todas las informaciones y orientaciones relativas a la organizaci\u00f3n a los intermedios. Critica que en los actuales momentos los miembros se enteran de las actividades a trav\u00e9s de los medios de comunicaci\u00f3n.<\/p>\n<p>\u201cAqu\u00ed mismo, en muchos casos las informaciones llegan tarde y cuando me preguntan tengo que ingeni\u00e1rmelas para dar una respuesta. Eso tiene que mejorar\u201d, ahora que se anuncian cambios y transformaciones en el Partido.<\/p>\n<p>\u00c1lvarez comparte su trabajo de recepcionista del PLD con un empleo hom\u00f3logo que tiene en el gobierno en la Comisi\u00f3n Nacional de Desarrollo Barrial, \u201cpara compensar\u201d, nos dice.<\/p>\n","protected":false},"excerpt":{"rendered":"<p>Por Jes\u00fas Reyes Mota Quien ha visitado la Casa Nacional del Partido de la Liberaci\u00f3n Dominicana durante los \u00faltimos 20 a\u00f1os se ha encontrado en el sal\u00f3n de recepci\u00f3n con el rostro que ilustra este reportaje, se trata de la compa\u00f1era Isabel \u00c1lvarez. Tiene m\u00e1s del tiempo citado atendiendo a los miembros, amigos, simpatizantes, estudiantes, [&hellip;]<\/p>\n","protected":false},"author":1,"featured_media":0,"comment_status":"closed","ping_status":"closed","sticky":false,"template":"","format":"standard","meta":{"tdm_status":"","tdm_grid_status":"","footnotes":""},"categories":[9],"tags":[],"_links":{"self":[{"href":"https:\/\/pldaldia.com\/portada\/wp-json\/wp\/v2\/posts\/11063"}],"collection":[{"href":"https:\/\/pldaldia.com\/portada\/wp-json\/wp\/v2\/posts"}],"about":[{"href":"https:\/\/pldaldia.com\/portada\/wp-json\/wp\/v2\/types\/post"}],"author":[{"embeddable":true,"href":"https:\/\/pldaldia.com\/portada\/wp-json\/wp\/v2\/users\/1"}],"replies":[{"embeddable":true,"href":"https:\/\/pldaldia.com\/portada\/wp-json\/wp\/v2\/comments?post=11063"}],"version-history":[{"count":0,"href":"https:\/\/pldaldia.com\/portada\/wp-json\/wp\/v2\/posts\/11063\/revisions"}],"wp:attachment":[{"href":"https:\/\/pldaldia.com\/portada\/wp-json\/wp\/v2\/media?parent=11063"}],"wp:term":[{"taxonomy":"category","embeddable":true,"href":"https:\/\/pldaldia.com\/portada\/wp-json\/wp\/v2\/categories?post=11063"},{"taxonomy":"post_tag","embeddable":true,"href":"https:\/\/pldaldia.com\/portada\/wp-json\/wp\/v2\/tags?post=11063"}],"curies":[{"name":"wp","href":"https:\/\/api.w.org\/{rel}","templated":true}]}}