{"id":11607,"date":"2017-06-15T16:39:03","date_gmt":"2017-06-15T16:39:03","guid":{"rendered":"http:\/\/pldaldia.com\/portada\/?p=11607"},"modified":"2017-08-10T16:39:38","modified_gmt":"2017-08-10T16:39:38","slug":"por-una-administracion-de-justicia-racional","status":"publish","type":"post","link":"https:\/\/pldaldia.com\/portada\/por-una-administracion-de-justicia-racional\/","title":{"rendered":"Por una administraci\u00f3n de justicia racional"},"content":{"rendered":"<p>Del 1 al 15 de junio de 2017 No. 1699<\/p>\n<p>Morbosidad y espect\u00e1culo aparte, el caso Odebrecht debe agotar los procesos que se siguen en un pa\u00eds que ha visto fortalecida en los \u00faltimos 50 a\u00f1os su tradici\u00f3n democr\u00e1tica, como es el caso de la Rep\u00fablica Dominicana. Y que, adem\u00e1s, disfruta de un desarrollo de sus instituciones como nunca se hab\u00eda visto.<\/p>\n<p>Eso, y no otra cosa, quiere la gente de la calle en las ciudades, la gente del campo; los que salen todos los d\u00edas temprano hacia su centro de trabajo o a ver qu\u00e9 venden o hacen para llevar el sustento al hogar. Tambi\u00e9n lo queremos los dirigentes pol\u00edticos sensatos y preocupados por el destino del pa\u00eds, conscientes de que operamos en un ahora, un presente con exigencias concretas. Y de los dirigentes pol\u00edticos, sobre todo los pelede\u00edstas, que estamos muy claros de cu\u00e1l es nuestra responsabilidad.<\/p>\n<p>La reflexi\u00f3n viene a cuento porque un proceso judicial de tanta envergadura como el mencionado debe mantenerse alejado de presiones de grupos cuyas intenciones ulteriores nadie est\u00e1 en capacidad de apreciar en su justa dimensi\u00f3n en este momento.<\/p>\n<p>Por eso, entre otras cosas, debe prestarse atenci\u00f3n a la advertencia del\u00a0 presidente de la C\u00e1mara Americana de Comercio, en el sentido de que los ojos de la comunidad internacional de negocios est\u00e1n puestos sobre\u00a0 Rep\u00fablica Dominicana, a prop\u00f3sito de la judicializaci\u00f3n\u00a0 del caso Odebrecht.<\/p>\n<p>\u201cLos inversionistas observan el comportamiento de nuestras instituciones y de nuestros indicadores econ\u00f3micos. Tambi\u00e9n est\u00e1n atentos al clima pol\u00edtico, el cual puede influir en la estabilidad de la econom\u00eda, que en los \u00faltimos a\u00f1os ha liderado en Am\u00e9rica Latina con perspectiva de seguir en esa misma l\u00ednea para los pr\u00f3ximos a\u00f1os\u201d, expres\u00f3 recientemente David Fern\u00e1ndez, presidente de la C\u00e1mara Americana de Comercio.<\/p>\n<p>El que la advertencia provenga de alguien a quien no se le puede calificar de \u201cbocina\u201d del PLD ni del gobierno debe motivar que se la tome con la debida atenci\u00f3n.<\/p>\n<p>No podemos pecar de insensatos, la estabilidad econ\u00f3mica, reflejo del sosiego, de la paz social y pol\u00edtica que los dominicanos y las dominicanas hemos venido disfrutando en los \u00faltimos lustros ha sido la mejor aliada del impulso econ\u00f3mico conocido por todos.<\/p>\n<p>De ninguna manera se trata de meter coco. \u00a1No!, de lo que se trata es de que se deje a la justicia actuar sin presi\u00f3n para que en el proceso judicial, como tambi\u00e9n lo dijo el presidente de la C\u00e1mara Americana de Comercio, prime lo racional por encima de lo emocional, y las decisiones que se tomen sean propias de una buena administraci\u00f3n de justicia. Eso esperamos y a eso apostamos en el Partido de la Liberaci\u00f3n Dominicana.<\/p>\n","protected":false},"excerpt":{"rendered":"<p>Del 1 al 15 de junio de 2017 No. 1699 Morbosidad y espect\u00e1culo aparte, el caso Odebrecht debe agotar los procesos que se siguen en un pa\u00eds que ha visto fortalecida en los \u00faltimos 50 a\u00f1os su tradici\u00f3n democr\u00e1tica, como es el caso de la Rep\u00fablica Dominicana. Y que, adem\u00e1s, disfruta de un desarrollo de [&hellip;]<\/p>\n","protected":false},"author":1,"featured_media":0,"comment_status":"open","ping_status":"open","sticky":false,"template":"","format":"standard","meta":{"tdm_status":"","tdm_grid_status":"","footnotes":""},"categories":[38],"tags":[],"_links":{"self":[{"href":"https:\/\/pldaldia.com\/portada\/wp-json\/wp\/v2\/posts\/11607"}],"collection":[{"href":"https:\/\/pldaldia.com\/portada\/wp-json\/wp\/v2\/posts"}],"about":[{"href":"https:\/\/pldaldia.com\/portada\/wp-json\/wp\/v2\/types\/post"}],"author":[{"embeddable":true,"href":"https:\/\/pldaldia.com\/portada\/wp-json\/wp\/v2\/users\/1"}],"replies":[{"embeddable":true,"href":"https:\/\/pldaldia.com\/portada\/wp-json\/wp\/v2\/comments?post=11607"}],"version-history":[{"count":0,"href":"https:\/\/pldaldia.com\/portada\/wp-json\/wp\/v2\/posts\/11607\/revisions"}],"wp:attachment":[{"href":"https:\/\/pldaldia.com\/portada\/wp-json\/wp\/v2\/media?parent=11607"}],"wp:term":[{"taxonomy":"category","embeddable":true,"href":"https:\/\/pldaldia.com\/portada\/wp-json\/wp\/v2\/categories?post=11607"},{"taxonomy":"post_tag","embeddable":true,"href":"https:\/\/pldaldia.com\/portada\/wp-json\/wp\/v2\/tags?post=11607"}],"curies":[{"name":"wp","href":"https:\/\/api.w.org\/{rel}","templated":true}]}}