{"id":11891,"date":"2017-08-30T17:39:18","date_gmt":"2017-08-30T17:39:18","guid":{"rendered":"http:\/\/pldaldia.com\/portada\/?p=11891"},"modified":"2017-08-30T22:06:38","modified_gmt":"2017-08-30T22:06:38","slug":"conferencia-en-casa-nacional-pld","status":"publish","type":"post","link":"https:\/\/pldaldia.com\/portada\/conferencia-en-casa-nacional-pld\/","title":{"rendered":"Conferencia en Casa Nacional PLD"},"content":{"rendered":"<p>Domingo Contreras, del Comit\u00e9 Central del PLD expone este viernes sobre la relaci\u00f3n Gobierno, Partido, Sociedad.<\/p>\n<p>\u201cGobierno, Partido, Sociedad y los desaf\u00edos hacia el 2020\u201d, es el tema que desarrollar\u00e1   Domingo Contreras, miembro del Comit\u00e9 Central del Partido de la Liberaci\u00f3n Dominicana (PLD), el viernes 1 de septiembre en el Sal\u00f3n Bienvenido Sandoval de la Casa Nacional del PLD.<\/p>\n<p>Contreras ha sido pautado en el ciclo de conferencias por Innovaci\u00f3n PLD plataforma Digital y Pol\u00edtica con los auspicios de las Secretarias General, Comunicaciones, Formaci\u00f3n Pol\u00edtica y Relaciones Internacionales.<\/p>\n<p>La exposici\u00f3n del tambi\u00e9n director general de Programas Especiales de la Presidencia (Digepep) est\u00e1 programada para iniciar a las 6:30, del primer d\u00eda del pr\u00f3ximo mes Septiembre. <\/p>\n<p>El equipo que acciona desde Casa Nacional del PLD, inform\u00f3 mediante un despacho period\u00edstico que desde ya se est\u00e1 organizando todo con relaci\u00f3n a la Conferencia.<\/p>\n<p>Domingo Contreras tiene una trayectoria como dirigente pol\u00edtico, adem\u00e1s de funcionario se le reconoce como conocedor tema medio-ambiental en la Rep\u00fablica Dominicana.<\/p>\n<p>Innovaci\u00f3n PLD busca aportar al debate de las ideas abriendo estos espacios de car\u00e1cter acad\u00e9mico para hacer sus aportes en la construcci\u00f3n de un nuevo liderazgo.<\/p>\n<p>La invitaci\u00f3n para este encuentro est\u00e1 circulando con una amplia difusi\u00f3n en las redes sociales en las que la ponencia tendr\u00e1 cobertura en directo por las diferentes cuentas de redes sociales.<\/p>\n","protected":false},"excerpt":{"rendered":"<p>Domingo Contreras, del Comit\u00e9 Central del PLD expone este viernes sobre la relaci\u00f3n Gobierno, Partido, Sociedad. \u201cGobierno, Partido, Sociedad y los desaf\u00edos hacia el 2020\u201d, es el tema que desarrollar\u00e1 Domingo Contreras, miembro del Comit\u00e9 Central del Partido de la Liberaci\u00f3n Dominicana (PLD), el viernes 1 de septiembre en el Sal\u00f3n Bienvenido Sandoval de la [&hellip;]<\/p>\n","protected":false},"author":1,"featured_media":0,"comment_status":"open","ping_status":"open","sticky":false,"template":"","format":"standard","meta":{"tdm_status":"","tdm_grid_status":"","footnotes":""},"categories":[9],"tags":[],"_links":{"self":[{"href":"https:\/\/pldaldia.com\/portada\/wp-json\/wp\/v2\/posts\/11891"}],"collection":[{"href":"https:\/\/pldaldia.com\/portada\/wp-json\/wp\/v2\/posts"}],"about":[{"href":"https:\/\/pldaldia.com\/portada\/wp-json\/wp\/v2\/types\/post"}],"author":[{"embeddable":true,"href":"https:\/\/pldaldia.com\/portada\/wp-json\/wp\/v2\/users\/1"}],"replies":[{"embeddable":true,"href":"https:\/\/pldaldia.com\/portada\/wp-json\/wp\/v2\/comments?post=11891"}],"version-history":[{"count":0,"href":"https:\/\/pldaldia.com\/portada\/wp-json\/wp\/v2\/posts\/11891\/revisions"}],"wp:attachment":[{"href":"https:\/\/pldaldia.com\/portada\/wp-json\/wp\/v2\/media?parent=11891"}],"wp:term":[{"taxonomy":"category","embeddable":true,"href":"https:\/\/pldaldia.com\/portada\/wp-json\/wp\/v2\/categories?post=11891"},{"taxonomy":"post_tag","embeddable":true,"href":"https:\/\/pldaldia.com\/portada\/wp-json\/wp\/v2\/tags?post=11891"}],"curies":[{"name":"wp","href":"https:\/\/api.w.org\/{rel}","templated":true}]}}