{"id":11896,"date":"2017-08-31T13:27:02","date_gmt":"2017-08-31T13:27:02","guid":{"rendered":"http:\/\/pldaldia.com\/portada\/?p=11896"},"modified":"2017-08-31T13:27:02","modified_gmt":"2017-08-31T13:27:02","slug":"juramentan-este-jueves-comisiones-de-etica-publica","status":"publish","type":"post","link":"https:\/\/pldaldia.com\/portada\/juramentan-este-jueves-comisiones-de-etica-publica\/","title":{"rendered":"Juramentan este jueves Comisiones de \u00c9tica P\u00fablica"},"content":{"rendered":"<p>El presidente de la Rep\u00fablica, Danilo Medina, encabezar\u00e1 acto de Juramentaci\u00f3n Colectiva de las Comisiones de \u00c9tica P\u00fablica (CEP) con m\u00e1s de 200 organismos gubernamentales  conformados y cerca 2,200 servidores p\u00fablicos integrantes de estas entidades.<\/p>\n<p>Los servidores p\u00fablicos pertenecientes a las CEP en sus respectivas instancias oficiales fueron electos durante un proceso de votaci\u00f3n popular supervisado por la Direcci\u00f3n General de \u00c9tica e Integridad Gubernamental (DIGEIG), \u00f3rgano rector de estos organismos c\u00edvicos que se encuentran a lo interno de cada instituci\u00f3n centralizada, aut\u00f3noma o descentralizada con rango constitucional, que por disposici\u00f3n del decreto presidencial 143-17 tienen la responsabilidad de velar por el comportamiento \u00e9tico del personal y su proceder en el marco de la funci\u00f3n p\u00fablica.<\/p>\n<p>La conformaci\u00f3n y juramentaci\u00f3n de las CEP simboliza el firme compromiso del Gobierno dominicano por garantizar la conducta \u00e9tica en todas las instancias gubernamentales, con el objetivo de transparentar la administraci\u00f3n p\u00fablica y lucha contra la corrupci\u00f3n.<\/p>\n<p>El evento contar\u00e1 con la presencia de ministros, directores generales y servidores p\u00fablicos de diversas \u00e1reas, medios de comunicaci\u00f3n, as\u00ed como representantes de los distintos sectoriales de la sociedad dominicana y se realizara en en el Pabell\u00f3n de Voleibol del Centro Ol\u00edmpico Juan Pablo Duarte, este jueves 31 de agosto.<\/p>\n<p>El director general de \u00c9tica e Integridad Gubernamental, Lidio Cadet,  ha calificado la conformaci\u00f3n de estos estamentos de vigilancia y control como un acto revolucionario en materia de \u00e9tica, integridad y transparencia institucional dentro del Estado dominicano. En ese orden, Cadet da garant\u00edas de que las CEP ser\u00e1n guardianes del inter\u00e9s nacional y ciudadano.<\/p>\n","protected":false},"excerpt":{"rendered":"<p>El presidente de la Rep\u00fablica, Danilo Medina, encabezar\u00e1 acto de Juramentaci\u00f3n Colectiva de las Comisiones de \u00c9tica P\u00fablica (CEP) con m\u00e1s de 200 organismos gubernamentales conformados y cerca 2,200 servidores p\u00fablicos integrantes de estas entidades. Los servidores p\u00fablicos pertenecientes a las CEP en sus respectivas instancias oficiales fueron electos durante un proceso de votaci\u00f3n popular [&hellip;]<\/p>\n","protected":false},"author":1,"featured_media":0,"comment_status":"open","ping_status":"open","sticky":false,"template":"","format":"standard","meta":{"tdm_status":"","tdm_grid_status":"","footnotes":""},"categories":[9],"tags":[],"_links":{"self":[{"href":"https:\/\/pldaldia.com\/portada\/wp-json\/wp\/v2\/posts\/11896"}],"collection":[{"href":"https:\/\/pldaldia.com\/portada\/wp-json\/wp\/v2\/posts"}],"about":[{"href":"https:\/\/pldaldia.com\/portada\/wp-json\/wp\/v2\/types\/post"}],"author":[{"embeddable":true,"href":"https:\/\/pldaldia.com\/portada\/wp-json\/wp\/v2\/users\/1"}],"replies":[{"embeddable":true,"href":"https:\/\/pldaldia.com\/portada\/wp-json\/wp\/v2\/comments?post=11896"}],"version-history":[{"count":0,"href":"https:\/\/pldaldia.com\/portada\/wp-json\/wp\/v2\/posts\/11896\/revisions"}],"wp:attachment":[{"href":"https:\/\/pldaldia.com\/portada\/wp-json\/wp\/v2\/media?parent=11896"}],"wp:term":[{"taxonomy":"category","embeddable":true,"href":"https:\/\/pldaldia.com\/portada\/wp-json\/wp\/v2\/categories?post=11896"},{"taxonomy":"post_tag","embeddable":true,"href":"https:\/\/pldaldia.com\/portada\/wp-json\/wp\/v2\/tags?post=11896"}],"curies":[{"name":"wp","href":"https:\/\/api.w.org\/{rel}","templated":true}]}}