{"id":11906,"date":"2017-08-30T13:34:47","date_gmt":"2017-08-30T13:34:47","guid":{"rendered":"http:\/\/pldaldia.com\/portada\/?p=11906"},"modified":"2017-08-31T13:35:15","modified_gmt":"2017-08-31T13:35:15","slug":"unesco-celebrara-dia-de-alfabetizacion-con-enfasis-en-era-digital","status":"publish","type":"post","link":"https:\/\/pldaldia.com\/portada\/unesco-celebrara-dia-de-alfabetizacion-con-enfasis-en-era-digital\/","title":{"rendered":"Unesco celebrar\u00e1 D\u00eda de Alfabetizaci\u00f3n con \u00e9nfasis en era digital"},"content":{"rendered":"<p>La alfabetizaci\u00f3n en la era digital ser\u00e1 el eje de las celebraciones organizadas este a\u00f1o en la Unesco para el 8 de septiembre, con motivo del D\u00eda Internacional de la Alfabetizaci\u00f3n, inform\u00f3 hoy esa organizaci\u00f3n de la ONU.<\/p>\n<p>En su mensaje sobre el tema, la directora general de la Unesco, Irina Bokova, afirm\u00f3 que \u00ablas tecnolog\u00edas digitales est\u00e1n presentes en todas las esferas de la vida, y configuran de manera sustancial el modo en que vivimos, trabajamos, aprendemos y socializamos\u00bb.<\/p>\n<p>Noti resumen internacionales<\/p>\n<p>Los tr\u00e1gicos recuerdos del hurac\u00e1n Katrina se acrecentar\u00e1n hoy en el estado norteamericano de Luisiana cuando la tormenta tropical Harvey vuelva a tocar tierra despu\u00e9s de hacerlo hace cinco d\u00edas por el vecino Texas.<br \/>\n\u2026\u2026\u2026\u2026.<\/p>\n<p>Los presidentes Juan Orlando Hern\u00e1ndez, de Honduras, y Salvador S\u00e1nchez Cer\u00e9n, de El Salvador, se reunir\u00e1n hoy en la ciudad de Managua con su hom\u00f3logo nicarag\u00fcense Daniel Ortega para debatir el proyecto trinacional del golfo de Fonseca.<\/p>\n<p>\u2026\u2026\u2026\u2026.<\/p>\n<p>La Asamblea Nacional Constituyente (ANC) aprob\u00f3 por unanimidad un decreto de rechazo al bloqueo financiero de Estados Unidos contra Venezuela para ahogar econ\u00f3micamente al pueblo del pa\u00eds sudamericano.<br \/>\n\u2026\u2026\u2026\u2026..<\/p>\n<p>Mil delegados de 80 pa\u00edses y la presencia de personalidades internacionales como el Pr\u00edncipe Alberto de M\u00f3naco dar\u00e1n realce al IV Congreso Mundial de \u00c1reas Marinas Protegidas  en Chile la pr\u00f3xima semana.<br \/>\n\u2026\u2026\u2026\u2026..<\/p>\n<p>El gobernante Movimiento Popular para la Liberaci\u00f3n de Angola (MPLA) casi dobla hoy el n\u00famero de votos a su m\u00e1s cercano perseguidor, contadas oficialmente 13 de las 18 provincias del pa\u00eds.<\/p>\n","protected":false},"excerpt":{"rendered":"<p>La alfabetizaci\u00f3n en la era digital ser\u00e1 el eje de las celebraciones organizadas este a\u00f1o en la Unesco para el 8 de septiembre, con motivo del D\u00eda Internacional de la Alfabetizaci\u00f3n, inform\u00f3 hoy esa organizaci\u00f3n de la ONU. En su mensaje sobre el tema, la directora general de la Unesco, Irina Bokova, afirm\u00f3 que \u00ablas [&hellip;]<\/p>\n","protected":false},"author":1,"featured_media":0,"comment_status":"open","ping_status":"open","sticky":false,"template":"","format":"standard","meta":{"tdm_status":"","tdm_grid_status":"","footnotes":""},"categories":[9],"tags":[],"_links":{"self":[{"href":"https:\/\/pldaldia.com\/portada\/wp-json\/wp\/v2\/posts\/11906"}],"collection":[{"href":"https:\/\/pldaldia.com\/portada\/wp-json\/wp\/v2\/posts"}],"about":[{"href":"https:\/\/pldaldia.com\/portada\/wp-json\/wp\/v2\/types\/post"}],"author":[{"embeddable":true,"href":"https:\/\/pldaldia.com\/portada\/wp-json\/wp\/v2\/users\/1"}],"replies":[{"embeddable":true,"href":"https:\/\/pldaldia.com\/portada\/wp-json\/wp\/v2\/comments?post=11906"}],"version-history":[{"count":0,"href":"https:\/\/pldaldia.com\/portada\/wp-json\/wp\/v2\/posts\/11906\/revisions"}],"wp:attachment":[{"href":"https:\/\/pldaldia.com\/portada\/wp-json\/wp\/v2\/media?parent=11906"}],"wp:term":[{"taxonomy":"category","embeddable":true,"href":"https:\/\/pldaldia.com\/portada\/wp-json\/wp\/v2\/categories?post=11906"},{"taxonomy":"post_tag","embeddable":true,"href":"https:\/\/pldaldia.com\/portada\/wp-json\/wp\/v2\/tags?post=11906"}],"curies":[{"name":"wp","href":"https:\/\/api.w.org\/{rel}","templated":true}]}}