{"id":11908,"date":"2017-08-31T17:06:40","date_gmt":"2017-08-31T17:06:40","guid":{"rendered":"http:\/\/pldaldia.com\/portada\/?p=11908"},"modified":"2017-08-31T17:06:40","modified_gmt":"2017-08-31T17:06:40","slug":"valentin-somete-proyecto-para-que-civil-pueda-ser-ministro-de-defensa","status":"publish","type":"post","link":"https:\/\/pldaldia.com\/portada\/valentin-somete-proyecto-para-que-civil-pueda-ser-ministro-de-defensa\/","title":{"rendered":"Valent\u00edn somete proyecto para que civil pueda ser Ministro de Defensa"},"content":{"rendered":"<p>El senador por la provincia de Santiago, Julio C\u00e9sar Valent\u00edn, someti\u00f3 junto a los tambi\u00e9n senadores, Santiago Zorrilla y Amarilis Santana, un proyecto para modificar la Ley Org\u00e1nica de las Fuerzas Armadas, mediante el cual plantean que el Ministro de Defensa sea un civil, en plenitud de sus derechos civiles y pol\u00edticos.<\/p>\n<p>Los legisladores sostienen que un Ministro de Defensa debe ser siempre, invariablemente, una persona civil, un ciudadano en plenitud de sus derechos civiles y pol\u00edticos, con derecho al voto, con derecho a deliberar, a elegir y ser elegido, condici\u00f3n que no tienen los militares en la Rep\u00fablica Dominicana ni de la Polic\u00eda Nacional, porque la misma Constituci\u00f3n les limita de esos derechos.<\/p>\n<p>\u201cUn Ministro de Defensa en el siglo 21 debe ser un civil, que pueda deliberar, hacer exigencias a los \u00f3rganos estatales, participar activamente en los Consejos de Ministros y defender su presupuesto, mejores condiciones para los integrantes de las Fuerzas Armadas, gestionar y defender pol\u00edticas p\u00fablicas en plena libertad, en las condiciones que lo hacen los dem\u00e1s ministros\u201d, afirma Valent\u00edn.<\/p>\n<p>Dijo que este proyecto de ley busca armonizar lo que dispone la Constituci\u00f3n con lo que establece la Ley Org\u00e1nica de las Fuerzas Armadas, y que sea siempre un civil que est\u00e9 al frente del Ministerio de Defensa, y el m\u00e1s alto nivel de un integrante de ese organismo castrense sea el Jefe de Estado Conjunto.<\/p>\n<p>\u201cEn la mayor parte del hemisferio occidental los\/as ministros\/as de defensa son civiles. Chile, saliendo de una dictadura prob\u00f3 con civiles, como es el caso de la hoy presidenta Bachelet, lo propio Colombia, pa\u00eds que ha estado en serios conflictos b\u00e9licos, han pasado ministros de defensa exitosos, como el hoy presidente Juan Manuel Santos o la senadora Paola Holgu\u00edn, siempre civiles en plenitud de sus derechos de elegir y ser elegidos, siempre aptos para deliberar y defender los objetivos de sus ministerios\u201d, se\u00f1ala el senador santiaguero.<\/p>\n<p>En un mensaje colgado en sus redes sociales, Julio C\u00e9sar Valent\u00edn, dice \u201cNo se justifica que en el pa\u00eds donde se inici\u00f3 la m\u00e1s prolongada y estable ola democr\u00e1tica de Latinoam\u00e9rica (Rep\u00fablica Dominicana, a partir de 1978) hoy se siga argumentando tan ligeramente que no estamos preparados para un ministro o ministra civil de defensa\u201d.<br \/>\n\u201cHay que decirlo y repetirlo: Rep\u00fablica Dominicana est\u00e1 preparada hace tiempo para un Ministerio de Defensa manejado por una persona civil. Es lo adecuado para esta era y es el mandato irrebatible de la Norma Suprema de la Naci\u00f3n\u201d, puntualiz\u00f3.<\/p>\n","protected":false},"excerpt":{"rendered":"<p>El senador por la provincia de Santiago, Julio C\u00e9sar Valent\u00edn, someti\u00f3 junto a los tambi\u00e9n senadores, Santiago Zorrilla y Amarilis Santana, un proyecto para modificar la Ley Org\u00e1nica de las Fuerzas Armadas, mediante el cual plantean que el Ministro de Defensa sea un civil, en plenitud de sus derechos civiles y pol\u00edticos. Los legisladores sostienen [&hellip;]<\/p>\n","protected":false},"author":1,"featured_media":0,"comment_status":"open","ping_status":"open","sticky":false,"template":"","format":"standard","meta":{"tdm_status":"","tdm_grid_status":"","footnotes":""},"categories":[9],"tags":[],"_links":{"self":[{"href":"https:\/\/pldaldia.com\/portada\/wp-json\/wp\/v2\/posts\/11908"}],"collection":[{"href":"https:\/\/pldaldia.com\/portada\/wp-json\/wp\/v2\/posts"}],"about":[{"href":"https:\/\/pldaldia.com\/portada\/wp-json\/wp\/v2\/types\/post"}],"author":[{"embeddable":true,"href":"https:\/\/pldaldia.com\/portada\/wp-json\/wp\/v2\/users\/1"}],"replies":[{"embeddable":true,"href":"https:\/\/pldaldia.com\/portada\/wp-json\/wp\/v2\/comments?post=11908"}],"version-history":[{"count":0,"href":"https:\/\/pldaldia.com\/portada\/wp-json\/wp\/v2\/posts\/11908\/revisions"}],"wp:attachment":[{"href":"https:\/\/pldaldia.com\/portada\/wp-json\/wp\/v2\/media?parent=11908"}],"wp:term":[{"taxonomy":"category","embeddable":true,"href":"https:\/\/pldaldia.com\/portada\/wp-json\/wp\/v2\/categories?post=11908"},{"taxonomy":"post_tag","embeddable":true,"href":"https:\/\/pldaldia.com\/portada\/wp-json\/wp\/v2\/tags?post=11908"}],"curies":[{"name":"wp","href":"https:\/\/api.w.org\/{rel}","templated":true}]}}