{"id":11918,"date":"2017-08-31T17:51:31","date_gmt":"2017-08-31T17:51:31","guid":{"rendered":"http:\/\/pldaldia.com\/portada\/?p=11918"},"modified":"2017-08-31T17:51:31","modified_gmt":"2017-08-31T17:51:31","slug":"ee-uu-alerto-sobre-posible-atentado-en-barcelona-segun-diario","status":"publish","type":"post","link":"https:\/\/pldaldia.com\/portada\/ee-uu-alerto-sobre-posible-atentado-en-barcelona-segun-diario\/","title":{"rendered":"EE.UU. alert\u00f3 sobre posible atentado en Barcelona, seg\u00fan diario"},"content":{"rendered":"<p>Los servicios de inteligencia de Estados Unidos alertaron a Espa\u00f1a sobre posibles planes de la organizaci\u00f3n terrorista Estado Isl\u00e1mico (EI) de atentar contra la ciudad de Barcelona, como finalmente ocurri\u00f3, revel\u00f3 hoy un diario catal\u00e1n.<\/p>\n<p>Seg\u00fan publica en su edici\u00f3n de este jueves El Peri\u00f3dico, los Mossos de Esquadra (cuerpo policial de Catalu\u00f1a) recibieron el pasado 25 de mayo una alerta de la Agencia Central de Inteligencia (CIA) de EE.UU., que avisaba sobre un probable ataque del EI este verano.<\/p>\n<p>Noti resumen internacional<\/p>\n<p>La depuesta presidenta constitucional Dilma Rousseff encabezar\u00e1 hoy en R\u00edo de Janeiro un acto que, bajo el t\u00edtulo de \u00abBrasil un a\u00f1o despu\u00e9s del golpe\u00bb, evaluar\u00e1 la agenda de retrocesos implementada por el gobierno de Michel Temer.<br \/>\n\u2026\u2026\u2026..<\/p>\n<p>El gobierno de Francia presentar\u00e1 hoy el texto definitivo del nuevo C\u00f3digo de Trabajo que el presidente Emmanuel Macron pretende aprobar por decreto, una reforma rechazada por numerosos sindicatos, grupos pol\u00edticos y organizaciones sociales.<\/p>\n<p>\u2026\u2026\u2026\u2026\u2026<\/p>\n<p>Los egipcios, como todos los habitantes del mundo musulm\u00e1n, se concentrar\u00e1n a partir de hoy y hasta el pr\u00f3ximo 4 de septiembre en una de sus principales celebraciones religiosas anuales, el Eid Al Adha (Fiesta de Sacrificio)<\/p>\n<p>\u2026\u2026\u2026\u2026.<\/p>\n<p>Estados Unidos utiliza a Daesh para contener el poder\u00edo de los pa\u00edses musulmanes, asegur\u00f3 el vicecomandante en jefe del Ej\u00e9rcito iran\u00ed, general de brigada Ahmadreza Purdastan, citado hoy por el sitio digital Hispantv.<\/p>\n","protected":false},"excerpt":{"rendered":"<p>Los servicios de inteligencia de Estados Unidos alertaron a Espa\u00f1a sobre posibles planes de la organizaci\u00f3n terrorista Estado Isl\u00e1mico (EI) de atentar contra la ciudad de Barcelona, como finalmente ocurri\u00f3, revel\u00f3 hoy un diario catal\u00e1n. Seg\u00fan publica en su edici\u00f3n de este jueves El Peri\u00f3dico, los Mossos de Esquadra (cuerpo policial de Catalu\u00f1a) recibieron el [&hellip;]<\/p>\n","protected":false},"author":1,"featured_media":0,"comment_status":"open","ping_status":"open","sticky":false,"template":"","format":"standard","meta":{"tdm_status":"","tdm_grid_status":"","footnotes":""},"categories":[9],"tags":[],"_links":{"self":[{"href":"https:\/\/pldaldia.com\/portada\/wp-json\/wp\/v2\/posts\/11918"}],"collection":[{"href":"https:\/\/pldaldia.com\/portada\/wp-json\/wp\/v2\/posts"}],"about":[{"href":"https:\/\/pldaldia.com\/portada\/wp-json\/wp\/v2\/types\/post"}],"author":[{"embeddable":true,"href":"https:\/\/pldaldia.com\/portada\/wp-json\/wp\/v2\/users\/1"}],"replies":[{"embeddable":true,"href":"https:\/\/pldaldia.com\/portada\/wp-json\/wp\/v2\/comments?post=11918"}],"version-history":[{"count":0,"href":"https:\/\/pldaldia.com\/portada\/wp-json\/wp\/v2\/posts\/11918\/revisions"}],"wp:attachment":[{"href":"https:\/\/pldaldia.com\/portada\/wp-json\/wp\/v2\/media?parent=11918"}],"wp:term":[{"taxonomy":"category","embeddable":true,"href":"https:\/\/pldaldia.com\/portada\/wp-json\/wp\/v2\/categories?post=11918"},{"taxonomy":"post_tag","embeddable":true,"href":"https:\/\/pldaldia.com\/portada\/wp-json\/wp\/v2\/tags?post=11918"}],"curies":[{"name":"wp","href":"https:\/\/api.w.org\/{rel}","templated":true}]}}