{"id":11929,"date":"2017-09-01T15:57:35","date_gmt":"2017-09-01T15:57:35","guid":{"rendered":"http:\/\/pldaldia.com\/portada\/?p=11929"},"modified":"2017-09-01T15:57:35","modified_gmt":"2017-09-01T15:57:35","slug":"francisco-javier-llama-a-sociedad-a-reflexionar","status":"publish","type":"post","link":"https:\/\/pldaldia.com\/portada\/francisco-javier-llama-a-sociedad-a-reflexionar\/","title":{"rendered":"Francisco Javier llama a sociedad a reflexionar"},"content":{"rendered":"<p>Francisco Javier Garc\u00eda, miembro del Comit\u00e9 Politico del Partido de la Liberaci\u00f3n Dominicana (PLD)  afirm\u00f3 que acontecimientos como el asesinato de la adolescente Emely Peguero, en la provincia Duarte, deben llamar a la sociedad dominicana a un profundad reflexi\u00f3n sobre cu\u00e1les razones est\u00e1n motivando una violencia de ese tipo.<\/p>\n<p>Record\u00f3 otros hechos  parecidos recientemente, lo que aconseja que se estudien a profundidad con el prop\u00f3sito de cambiar el rumbo de este tipo de comportamiento<\/p>\n<p>\u201cHay que revisar seriamente lo que est\u00e1 pasando y reflexionar a fin de ver las causas y plantear posibles soluciones que permitan evitar que contin\u00faen sucediendo con tanta frecuencia\u201d, dijo.<\/p>\n<p>El tambi\u00e9n Ministro de Turismo   dijo que los correctivos a situaciones de esa naturaleza no dependen exclusivamente de las autoridades gubernamentales, sino que requieren de la intervenci\u00f3n de otros actores como la familia, la escuela, las iglesias y los clubes deportivos y culturales.<\/p>\n<p>Siempre he planteado que a los j\u00f3venes hay que crearles las condiciones, se\u00f1al\u00f3, para que se involucran en actividades deportivas y recreativas en vista de los aleja de la tentaci\u00f3n de los vicios y de recurrir a la violencia como mecanismo de salida a problem\u00e1ticas emocionales.<\/p>\n<p>Dijo que hay que reconocer que en los cinco a\u00f1os que lleva la administraci\u00f3n que encabeza el presidente Danilo Medina se han tomado medidas para crear mejores condiciones para la juventud dominicana, \u201cpero se deben continuar los esfuerzos en esa direcci\u00f3n\u201d.<\/p>\n","protected":false},"excerpt":{"rendered":"<p>Francisco Javier Garc\u00eda, miembro del Comit\u00e9 Politico del Partido de la Liberaci\u00f3n Dominicana (PLD) afirm\u00f3 que acontecimientos como el asesinato de la adolescente Emely Peguero, en la provincia Duarte, deben llamar a la sociedad dominicana a un profundad reflexi\u00f3n sobre cu\u00e1les razones est\u00e1n motivando una violencia de ese tipo. Record\u00f3 otros hechos parecidos recientemente, lo [&hellip;]<\/p>\n","protected":false},"author":1,"featured_media":0,"comment_status":"open","ping_status":"open","sticky":false,"template":"","format":"standard","meta":{"tdm_status":"","tdm_grid_status":"","footnotes":""},"categories":[9],"tags":[],"_links":{"self":[{"href":"https:\/\/pldaldia.com\/portada\/wp-json\/wp\/v2\/posts\/11929"}],"collection":[{"href":"https:\/\/pldaldia.com\/portada\/wp-json\/wp\/v2\/posts"}],"about":[{"href":"https:\/\/pldaldia.com\/portada\/wp-json\/wp\/v2\/types\/post"}],"author":[{"embeddable":true,"href":"https:\/\/pldaldia.com\/portada\/wp-json\/wp\/v2\/users\/1"}],"replies":[{"embeddable":true,"href":"https:\/\/pldaldia.com\/portada\/wp-json\/wp\/v2\/comments?post=11929"}],"version-history":[{"count":0,"href":"https:\/\/pldaldia.com\/portada\/wp-json\/wp\/v2\/posts\/11929\/revisions"}],"wp:attachment":[{"href":"https:\/\/pldaldia.com\/portada\/wp-json\/wp\/v2\/media?parent=11929"}],"wp:term":[{"taxonomy":"category","embeddable":true,"href":"https:\/\/pldaldia.com\/portada\/wp-json\/wp\/v2\/categories?post=11929"},{"taxonomy":"post_tag","embeddable":true,"href":"https:\/\/pldaldia.com\/portada\/wp-json\/wp\/v2\/tags?post=11929"}],"curies":[{"name":"wp","href":"https:\/\/api.w.org\/{rel}","templated":true}]}}