{"id":11937,"date":"2017-09-01T18:11:55","date_gmt":"2017-09-01T18:11:55","guid":{"rendered":"http:\/\/pldaldia.com\/portada\/?p=11937"},"modified":"2017-09-01T18:11:55","modified_gmt":"2017-09-01T18:11:55","slug":"humorada-158","status":"publish","type":"post","link":"https:\/\/pldaldia.com\/portada\/humorada-158\/","title":{"rendered":"Humorada"},"content":{"rendered":"<p>Como si fu\u00e9ramos tontos,  el aguerrido dirigente choferil convertido al evangelio y arrepentido del crimen que cometi\u00f3,  le pide al tribunal,  que le cant\u00f3 30 a\u00f1os,   que se le reduzca la pena  de prisi\u00f3n a dos por el asesinato del maestro Mateo Aquino Febrillet, ex rector de la UASD. \u00bfC\u00f3mo? grit\u00f3 un parroquiano en los pasillos del Palacio de Justicia. \u00a1Que lo dejen en dos\u00a1 . No, el quiso decir que se lo multipliquen por dos. Ay ombe.<\/p>\n","protected":false},"excerpt":{"rendered":"<p>Como si fu\u00e9ramos tontos, el aguerrido dirigente choferil convertido al evangelio y arrepentido del crimen que cometi\u00f3, le pide al tribunal, que le cant\u00f3 30 a\u00f1os, que se le reduzca la pena de prisi\u00f3n a dos por el asesinato del maestro Mateo Aquino Febrillet, ex rector de la UASD. \u00bfC\u00f3mo? grit\u00f3 un parroquiano en los [&hellip;]<\/p>\n","protected":false},"author":1,"featured_media":0,"comment_status":"open","ping_status":"open","sticky":false,"template":"","format":"standard","meta":{"tdm_status":"","tdm_grid_status":"","footnotes":""},"categories":[28],"tags":[],"_links":{"self":[{"href":"https:\/\/pldaldia.com\/portada\/wp-json\/wp\/v2\/posts\/11937"}],"collection":[{"href":"https:\/\/pldaldia.com\/portada\/wp-json\/wp\/v2\/posts"}],"about":[{"href":"https:\/\/pldaldia.com\/portada\/wp-json\/wp\/v2\/types\/post"}],"author":[{"embeddable":true,"href":"https:\/\/pldaldia.com\/portada\/wp-json\/wp\/v2\/users\/1"}],"replies":[{"embeddable":true,"href":"https:\/\/pldaldia.com\/portada\/wp-json\/wp\/v2\/comments?post=11937"}],"version-history":[{"count":0,"href":"https:\/\/pldaldia.com\/portada\/wp-json\/wp\/v2\/posts\/11937\/revisions"}],"wp:attachment":[{"href":"https:\/\/pldaldia.com\/portada\/wp-json\/wp\/v2\/media?parent=11937"}],"wp:term":[{"taxonomy":"category","embeddable":true,"href":"https:\/\/pldaldia.com\/portada\/wp-json\/wp\/v2\/categories?post=11937"},{"taxonomy":"post_tag","embeddable":true,"href":"https:\/\/pldaldia.com\/portada\/wp-json\/wp\/v2\/tags?post=11937"}],"curies":[{"name":"wp","href":"https:\/\/api.w.org\/{rel}","templated":true}]}}