{"id":11945,"date":"2017-09-01T20:48:16","date_gmt":"2017-09-01T20:48:16","guid":{"rendered":"http:\/\/pldaldia.com\/portada\/?p=11945"},"modified":"2017-09-01T20:48:16","modified_gmt":"2017-09-01T20:48:16","slug":"encuentro-de-legisladores-de-santiago","status":"publish","type":"post","link":"https:\/\/pldaldia.com\/portada\/encuentro-de-legisladores-de-santiago\/","title":{"rendered":"Encuentro de legisladores de Santiago"},"content":{"rendered":"<p>Valent\u00edn da a conocer la formaci\u00f3n de un bloque parlamentario en Santiago para evaluar problem\u00e1ticas e iniciativas de la provincia<\/p>\n<p><a href=\"http:\/\/pldaldia.com\/portada\/wp-content\/uploads\/2017\/09\/1.-Valentin-y-Diputados.jpg\" rel=\"attachment wp-att-11947\"><img decoding=\"async\" loading=\"lazy\" class=\"alignnone size-full wp-image-11947\" src=\"http:\/\/pldaldia.com\/portada\/wp-content\/uploads\/2017\/09\/1.-Valentin-y-Diputados.jpg\" alt=\"1. Valentin y Diputados\" width=\"1024\" height=\"768\" \/><\/a>El Senador por Santiago, Julio C\u00e9sar Valent\u00edn dej\u00f3 abierto un programa de encuentros trimestrales con los diputados y diputadas de los diferentes partidos en esa demarcaci\u00f3n para evaluar preocupaciones de ese colectivo de congresistas.<\/p>\n<p>\u201cHoy estamos aqu\u00ed junto a diputados de distintos partidos, en un encuentro para evaluar problem\u00e1ticas e iniciativas que impacten en favor de Santiago\u201d expres\u00f3 el senador por el PLD en una explicaci\u00f3n a la prensa al iniciar la reuni\u00f3n del bloque parlamentario santiaguero.<\/p>\n<p>Subray\u00f3 que pese al alejamiento que se da en las campa\u00f1as electorales, el encuentro, que se repetir\u00e1 cada tres meses, busca iniciativas conjuntas que impactar\u00e1n en beneficio de la provincia.<\/p>\n<p>\u201cLa idea ser\u00eda coordinar planes que posibiliten, junto a otras autoridades y a otras entidades sociales de Santiago, identificar prioridades que junto a nuestras labores de legisladores tratar de procurar soluciones de inter\u00e9s y de impacto colectivo\u201d, apunt\u00f3 Julio Cesar Valent\u00edn en un despacho de la Secretar\u00eda de Comunicaciones del PLD.<\/p>\n<p>Dijo que se trata de encuentros permanentes de mesa de di\u00e1logo, donde olvidando diferencias partidarias, primar\u00e1 la b\u00fasqueda del beneficio colectivo de la provincia y los objetivos nacionales de desarrollo.<\/p>\n<p>Valent\u00edn expres\u00f3 que tiene fecha el pr\u00f3ximo encuentro que ser\u00e1 el 1 de diciembre de este a\u00f1o y que se espera contar con la matr\u00edcula total de legisladores como en esta ocasi\u00f3n en que s\u00f3lo se ausentaron dos diputados por problemas ajenos a su voluntad.<\/p>\n<p>Manifest\u00f3 que visita puntuales a autoridades, se har\u00e1n en conjunto para que no se vea como \u201ccapricho de nadie sino un espacio donde todos han entendido que deben marchar juntos\u201d y que realmente el inter\u00e9s es Santiago y el pa\u00eds<\/p>\n<p>Los ausentes en el encuentro fueron M\u00e1ximo Castro Silverio, por el fallecimiento de un hermano y el diputado Alfredo Reyes quien recientemente fue intervenido quir\u00fargicamente y con quien la totalidad de los presentes se solidarizaron.<\/p>\n<p>El encuentro tuvo lugar en uno de los salones del Hotel Gran Almirante de Santiago de los Caballeros con la presencia de los representantes de la C\u00e1mara Baja tanto de la ciudad cabecera como de los municipios.<\/p>\n","protected":false},"excerpt":{"rendered":"<p>Valent\u00edn da a conocer la formaci\u00f3n de un bloque parlamentario en Santiago para evaluar problem\u00e1ticas e iniciativas de la provincia El Senador por Santiago, Julio C\u00e9sar Valent\u00edn dej\u00f3 abierto un programa de encuentros trimestrales con los diputados y diputadas de los diferentes partidos en esa demarcaci\u00f3n para evaluar preocupaciones de ese colectivo de congresistas. \u201cHoy [&hellip;]<\/p>\n","protected":false},"author":1,"featured_media":0,"comment_status":"open","ping_status":"open","sticky":false,"template":"","format":"standard","meta":{"tdm_status":"","tdm_grid_status":"","footnotes":""},"categories":[9],"tags":[],"_links":{"self":[{"href":"https:\/\/pldaldia.com\/portada\/wp-json\/wp\/v2\/posts\/11945"}],"collection":[{"href":"https:\/\/pldaldia.com\/portada\/wp-json\/wp\/v2\/posts"}],"about":[{"href":"https:\/\/pldaldia.com\/portada\/wp-json\/wp\/v2\/types\/post"}],"author":[{"embeddable":true,"href":"https:\/\/pldaldia.com\/portada\/wp-json\/wp\/v2\/users\/1"}],"replies":[{"embeddable":true,"href":"https:\/\/pldaldia.com\/portada\/wp-json\/wp\/v2\/comments?post=11945"}],"version-history":[{"count":0,"href":"https:\/\/pldaldia.com\/portada\/wp-json\/wp\/v2\/posts\/11945\/revisions"}],"wp:attachment":[{"href":"https:\/\/pldaldia.com\/portada\/wp-json\/wp\/v2\/media?parent=11945"}],"wp:term":[{"taxonomy":"category","embeddable":true,"href":"https:\/\/pldaldia.com\/portada\/wp-json\/wp\/v2\/categories?post=11945"},{"taxonomy":"post_tag","embeddable":true,"href":"https:\/\/pldaldia.com\/portada\/wp-json\/wp\/v2\/tags?post=11945"}],"curies":[{"name":"wp","href":"https:\/\/api.w.org\/{rel}","templated":true}]}}