{"id":11952,"date":"2017-09-03T18:30:19","date_gmt":"2017-09-03T18:30:19","guid":{"rendered":"http:\/\/pldaldia.com\/portada\/?p=11952"},"modified":"2017-09-03T18:30:19","modified_gmt":"2017-09-03T18:30:19","slug":"pld-por-mucho-rato","status":"publish","type":"post","link":"https:\/\/pldaldia.com\/portada\/pld-por-mucho-rato\/","title":{"rendered":"PLD por mucho rato"},"content":{"rendered":"<p>Elpidio B\u00e1ez reitera comunitarios defender\u00e1n obra de gobierno del PLD y Danilo Medina.<\/p>\n<p>Con la asistencia de cientos de representantes comunitarios de todo el pa\u00eds, la Secretar\u00eda de Participaci\u00f3n Comunitaria del Partido de la Liberaci\u00f3n Dominicana imparti\u00f3 el taller \u201cVocer\u00eda Pol\u00edtica y Comunitaria\u201d, con el objetivo de proporcionarles herramientas de comunicaci\u00f3n para que puedan vincularse m\u00e1s con las comunidades y dar a conocer las obras de los gobiernos del PLD.<\/p>\n<p>La actividad fue encabezada por Elpidio B\u00e1ez, titular de la Secretar\u00eda de Participaci\u00f3n Comunitaria del PLD; quien estuvo acompa\u00f1ado de los subsecretarios de ese organismo Rafael L\u00f3pez, quien ofreci\u00f3 las palabras de bienvenida; Yovanny Melo Guevara, Jos\u00e9 G\u00f3mez, y Miguel Russell.<\/p>\n<p>Tambi\u00e9n estuvieron presentes los enlaces regionales Eleodoro P\u00e9rez, del Cibao Central. Julio Jim\u00e9nez, L\u00ednea Noroeste., Cristina Rodr\u00edguez, Sur, Julio Russell, provincia Santo Domingo. Marcia Reyes, Circunscripci\u00f3n #3 D.N., Jos\u00e9 G\u00f3mez, enlace Circunscripci\u00f3n #2 D.N. Luis Guzm\u00e1n, enlace Circunscripci\u00f3n #1 D.N. y Bienvenido Flores, del Cibao pr\u00f3ximo pronunciaron breves palabras de motivaci\u00f3n.<\/p>\n<p>Los panelistas del taller fueron los dirigentes pelede\u00edstas Nelson G\u00f3mez; Charlie N\u00fa\u00f1ez, y H\u00e9ctor Olivo, titular de la Secretar\u00eda de Comunicaciones del PLD; as\u00ed como el comunicador Pablo Ross.<\/p>\n<p>Entre los temas desarrollados en el taller, realizado en el Sal\u00f3n Bienvenido Sandoval de la Casa Nacional del PLD, estuvieron \u201cLa imagen del Vocero y el uso de los recursos audiovisuales\u201d, \u201cQu\u00e9 hacer y qu\u00e9 no hacer en comunicaci\u00f3n\u201d, \u201cLa Comunicaci\u00f3n Institucional del PLD\u201d, y \u201cComunicaci\u00f3n pol\u00edtica y los medios\u201d, entre otros.<\/p>\n<p>Compromisos del Frente Nacional Comunitario<\/p>\n<p>Antes del inicio del encuentro bajo la modalidad taller, el diputado Elpidio B\u00e1ez explic\u00f3 que el Frente Nacional Comunitario defender\u00e1 las gestiones del PLD y los logros del Presidente Danilo Medina, y que para lograr esos objetivos est\u00e1n capacitando a los dirigentes comunitarios de ese movimiento en todo el territorio nacional.<\/p>\n<p><a href=\"http:\/\/pldaldia.com\/portada\/wp-content\/uploads\/2017\/09\/02.jpg\" rel=\"attachment wp-att-11955\"><img decoding=\"async\" loading=\"lazy\" class=\"alignnone size-full wp-image-11955\" src=\"http:\/\/pldaldia.com\/portada\/wp-content\/uploads\/2017\/09\/02.jpg\" alt=\"\" width=\"1200\" height=\"637\" \/><\/a>\u201cEstamos reuniendo a los l\u00edderes del Frente Nacional Comunitario a nivel nacional este d\u00eda para iniciar un proceso de capacitaci\u00f3n en lo que es la comunicaci\u00f3n pol\u00edtica. El prop\u00f3sito es que ellos est\u00e9n en capacidad de manejar las herramientas de comunicaci\u00f3n para que puedan llevar el mensaje de manera adecuada a sus amigos, familiares, vecinos y a la ciudadan\u00eda en general en las comunidades que residen\u201d, precis\u00f3 el dirigente pelede\u00edsta.<\/p>\n<p>Inform\u00f3 que el taller de capacitaci\u00f3n se replicar\u00e1 en cada una de las provincias a nivel nacional, para formar voceros eficientes y capaces de llevar el mensaje de forma directa, no s\u00f3lo a trav\u00e9s de los medios de comunicaci\u00f3n y las redes sociales, para que fortalezcan las relaciones primarias con sus comunidades.<\/p>\n<p>\u201cComo Frente Nacional comunitario estamos fortaleciendo el gobierno y al Partido, ya que no podemos estar de acuerdo y rechazamos la posici\u00f3n de sectores pol\u00edticos quienes se han presentado como intelectuales o comunitarios\u201d, declar\u00f3.<\/p>\n<p>Elpidio B\u00e1ez afirm\u00f3 que esos grupos lo que pretenden es destruir el aparato del Estado y sus instituciones, presentando f\u00f3rmulas para lo cual la sociedad no est\u00e1 preparada.<\/p>\n<p>Expres\u00f3 que \u201cesas\u201d son ideas anarquistas, que buscan la destrucci\u00f3n de las distintas instituciones del Estado para supuestamente volver a elegir un gobierno, autoridades legislativas y municipales, por medio de una Asamblea Constituyente.<\/p>\n<p><a href=\"http:\/\/pldaldia.com\/portada\/wp-content\/uploads\/2017\/09\/03.jpg\" rel=\"attachment wp-att-11953\"><img decoding=\"async\" loading=\"lazy\" class=\"alignnone size-full wp-image-11953\" src=\"http:\/\/pldaldia.com\/portada\/wp-content\/uploads\/2017\/09\/03.jpg\" alt=\"\" width=\"1200\" height=\"630\" \/><\/a>\u201cNosotros entendemos que todos los procesos son viables en democracia respetando los reglas del juego\u201d, coment\u00f3 Elpidio B\u00e1ez respondiendo esos planteamientos p\u00fablicos.<\/p>\n<p>Manifest\u00f3 que el Partido de la Liberaci\u00f3n Dominicana y el gobierno encabezado por el Presidente Danilo Medina est\u00e1n trabajando para que la sociedad dominicana fortalezca sus instituciones democr\u00e1ticas.<\/p>\n","protected":false},"excerpt":{"rendered":"<p>Elpidio B\u00e1ez reitera comunitarios defender\u00e1n obra de gobierno del PLD y Danilo Medina. Con la asistencia de cientos de representantes comunitarios de todo el pa\u00eds, la Secretar\u00eda de Participaci\u00f3n Comunitaria del Partido de la Liberaci\u00f3n Dominicana imparti\u00f3 el taller \u201cVocer\u00eda Pol\u00edtica y Comunitaria\u201d, con el objetivo de proporcionarles herramientas de comunicaci\u00f3n para que puedan vincularse [&hellip;]<\/p>\n","protected":false},"author":1,"featured_media":0,"comment_status":"open","ping_status":"open","sticky":false,"template":"","format":"standard","meta":{"tdm_status":"","tdm_grid_status":"","footnotes":""},"categories":[9],"tags":[],"_links":{"self":[{"href":"https:\/\/pldaldia.com\/portada\/wp-json\/wp\/v2\/posts\/11952"}],"collection":[{"href":"https:\/\/pldaldia.com\/portada\/wp-json\/wp\/v2\/posts"}],"about":[{"href":"https:\/\/pldaldia.com\/portada\/wp-json\/wp\/v2\/types\/post"}],"author":[{"embeddable":true,"href":"https:\/\/pldaldia.com\/portada\/wp-json\/wp\/v2\/users\/1"}],"replies":[{"embeddable":true,"href":"https:\/\/pldaldia.com\/portada\/wp-json\/wp\/v2\/comments?post=11952"}],"version-history":[{"count":0,"href":"https:\/\/pldaldia.com\/portada\/wp-json\/wp\/v2\/posts\/11952\/revisions"}],"wp:attachment":[{"href":"https:\/\/pldaldia.com\/portada\/wp-json\/wp\/v2\/media?parent=11952"}],"wp:term":[{"taxonomy":"category","embeddable":true,"href":"https:\/\/pldaldia.com\/portada\/wp-json\/wp\/v2\/categories?post=11952"},{"taxonomy":"post_tag","embeddable":true,"href":"https:\/\/pldaldia.com\/portada\/wp-json\/wp\/v2\/tags?post=11952"}],"curies":[{"name":"wp","href":"https:\/\/api.w.org\/{rel}","templated":true}]}}