{"id":11958,"date":"2017-09-03T19:18:45","date_gmt":"2017-09-03T19:18:45","guid":{"rendered":"http:\/\/pldaldia.com\/portada\/?p=11958"},"modified":"2017-09-03T19:18:45","modified_gmt":"2017-09-03T19:18:45","slug":"cp-del-pld-se-reune-este-lunes","status":"publish","type":"post","link":"https:\/\/pldaldia.com\/portada\/cp-del-pld-se-reune-este-lunes\/","title":{"rendered":"CP del PLD se re\u00fane este lunes"},"content":{"rendered":"<p>PLD confirma que todos sus miembros han sido debidamente convocados<\/p>\n<p>El Partido de la Liberaci\u00f3n Dominicana confirm\u00f3 la convocatoria al Comit\u00e9 Pol\u00edtico de esa organizaci\u00f3n para la noche del lunes 4 de septiembre en el sal\u00f3n Profesor Juan Bosch de la Oficina Presidencial del PLD, ubicada en la zona universitaria.<\/p>\n<p>Un despacho de prensa de la Secretar\u00eda de Comunicaciones pelede\u00edsta  confirma la convocatoria citando el mensaje colgado en la red social twitter del secretario general de la organizaci\u00f3n, Reinaldo Pared P\u00e9rez.<\/p>\n<p>\u201cEs oficial convocatoria del CP del PLD para el pr\u00f3ximo lunes 4 de Septiembre a las 7 de la noche\u201d escribi\u00f3 Reinaldo Pared P\u00e9rez, quien complet\u00f3 su mensaje explicando que se dieron las instrucciones correspondientes.<\/p>\n<p>Es el equipo de la Secretar\u00eda General quien se encarga de formalizar las convocatorias, las que se han hecho con una buena expectativa de asistencia.<\/p>\n<p>Debidamente, tal y como se acord\u00f3 el 31 de julio \u00faltimo, se convoc\u00f3 a Temistocles Mont\u00e1s, Radham\u00e9s Segura y Julio Cesar Valent\u00edn, quienes solicitaron licencias en sus funciones hasta tanto se ventilen las imputaciones hechas por el Ministerio P\u00fablico en el caso de los supuestos sobornos de la firma Odebrecht, las que no se les concedieron.<\/p>\n<p> \u201cSe parti\u00f3 del criterio de que como en nuestra legislaci\u00f3n existe el principio de la presunci\u00f3n de inocencia, que es aplicable a cada persona hasta que se demuestre lo contrario, se le convocar\u00e1 a que asuman su calidad de miembros de ese organismo\u201d, dijo Reinaldo Pared P\u00e9rez al finalizar la reuni\u00f3n de julio.<\/p>\n<p>La de este lunes es una reuni\u00f3n con car\u00e1cter ordinario lo que indica que los temas de la agenda del Comit\u00e9 Pol\u00edtico  se sugieren ese mismo d\u00eda aunque se tiene pendiente conocer aspectos del  proyecto de Ley de Partidos, Agrupaciones y Movimientos Pol\u00edticos en discusi\u00f3n y agendar las reuniones regionales  del Comit\u00e9 Central.<\/p>\n","protected":false},"excerpt":{"rendered":"<p>PLD confirma que todos sus miembros han sido debidamente convocados El Partido de la Liberaci\u00f3n Dominicana confirm\u00f3 la convocatoria al Comit\u00e9 Pol\u00edtico de esa organizaci\u00f3n para la noche del lunes 4 de septiembre en el sal\u00f3n Profesor Juan Bosch de la Oficina Presidencial del PLD, ubicada en la zona universitaria. Un despacho de prensa de [&hellip;]<\/p>\n","protected":false},"author":1,"featured_media":0,"comment_status":"open","ping_status":"open","sticky":false,"template":"","format":"standard","meta":{"tdm_status":"","tdm_grid_status":"","footnotes":""},"categories":[9],"tags":[],"_links":{"self":[{"href":"https:\/\/pldaldia.com\/portada\/wp-json\/wp\/v2\/posts\/11958"}],"collection":[{"href":"https:\/\/pldaldia.com\/portada\/wp-json\/wp\/v2\/posts"}],"about":[{"href":"https:\/\/pldaldia.com\/portada\/wp-json\/wp\/v2\/types\/post"}],"author":[{"embeddable":true,"href":"https:\/\/pldaldia.com\/portada\/wp-json\/wp\/v2\/users\/1"}],"replies":[{"embeddable":true,"href":"https:\/\/pldaldia.com\/portada\/wp-json\/wp\/v2\/comments?post=11958"}],"version-history":[{"count":0,"href":"https:\/\/pldaldia.com\/portada\/wp-json\/wp\/v2\/posts\/11958\/revisions"}],"wp:attachment":[{"href":"https:\/\/pldaldia.com\/portada\/wp-json\/wp\/v2\/media?parent=11958"}],"wp:term":[{"taxonomy":"category","embeddable":true,"href":"https:\/\/pldaldia.com\/portada\/wp-json\/wp\/v2\/categories?post=11958"},{"taxonomy":"post_tag","embeddable":true,"href":"https:\/\/pldaldia.com\/portada\/wp-json\/wp\/v2\/tags?post=11958"}],"curies":[{"name":"wp","href":"https:\/\/api.w.org\/{rel}","templated":true}]}}