{"id":11961,"date":"2017-09-04T14:30:21","date_gmt":"2017-09-04T14:30:21","guid":{"rendered":"http:\/\/pldaldia.com\/portada\/?p=11961"},"modified":"2017-09-04T14:30:21","modified_gmt":"2017-09-04T14:30:21","slug":"han-despertado-un-monstruo-bueno","status":"publish","type":"post","link":"https:\/\/pldaldia.com\/portada\/han-despertado-un-monstruo-bueno\/","title":{"rendered":"Han despertado un monstruo bueno"},"content":{"rendered":"<p>Elpidio B\u00e1ez enfatiza que con los frentes comunitarios el PLD ha pasado de la defensiva a la ofensiva.<\/p>\n<p>El diputado del Partido de la Liberaci\u00f3n Dominicana (PLD), Elpidio B\u00e1ez precis\u00f3 que esa organizaci\u00f3n ha pasado de la defensiva a la ofensiva, salvaguardando la obra de los gobiernos pelede\u00edstas.<\/p>\n<p>Afirm\u00f3 que su Partido  est\u00e1 y se mantiene  activo, y que a los pelede\u00edstas los han despertado, por lo que est\u00e1n y seguir\u00e1n en las calles defendiendo las gestiones gubernamentales que encabeza el PLD, junto a otras entidades pol\u00edticas.<\/p>\n<p>\u201cEl PLD est\u00e1 activo. Este es un buen gobierno, que motiva una buena defensa\u201d, consider\u00f3 el legislador al concluir el taller Vocer\u00eda Pol\u00edtica y Comunitaria, para el liderazgo del Frente Nacional Comunitario, del PLD.<\/p>\n<p>Admiti\u00f3 que los pelede\u00edstas, hombres y mujeres, quieren cambios, y que est\u00e1n al tanto de que habr\u00e1 PLD por muchos a\u00f1os, para continuar dirigiendo los destinos de la naci\u00f3n por buen camino, de progreso, desarrollo y prosperidad, en beneficio de los ciudadanos, y de todos los sectores productivos del pa\u00eds.<\/p>\n<p>\u201cLos dirigentes del PLD est\u00e1n m\u00e1s activos y m\u00e1s interesados. Y vemos un gobierno que ha pasado de estar a la defensiva a estar a la ofensiva ahora. El clima pol\u00edtico ha cambiado. Vi una encuesta y la percepci\u00f3n a favor del gobierno es de un 64 por ciento\u201d, puntualiz\u00f3.<\/p>\n<p>\u201cAlgunas gente que andan por ah\u00ed haciendo bulla, pensaban que los pelede\u00edstas \u201cdeb\u00edamos\u201d sentirnos derrotado, no, lo que han hecho es despertar a un monstruo bueno, porque \u00e9ste es un monstruo transformador\u201d, indic\u00f3.<\/p>\n<p>Advirti\u00f3 que los hombres y mujeres que conforman la Secretar\u00eda de Participaci\u00f3n Comunitaria, del PLD, la cual preside, defender\u00e1n la obra de gobierno que realiza Danilo Medina, se\u00f1alando como humana la presenta administraci\u00f3n gubernamental.<\/p>\n<p>\u201cEstamos hablando de un buen gobierno que necesita de una buena defensa. Y nosotros, desde el \u00e1mbito comunitario, como Frente Nacional Comunitario, estamos defendiendo nuestro gobierno\u201d, asegur\u00f3.<\/p>\n","protected":false},"excerpt":{"rendered":"<p>Elpidio B\u00e1ez enfatiza que con los frentes comunitarios el PLD ha pasado de la defensiva a la ofensiva. El diputado del Partido de la Liberaci\u00f3n Dominicana (PLD), Elpidio B\u00e1ez precis\u00f3 que esa organizaci\u00f3n ha pasado de la defensiva a la ofensiva, salvaguardando la obra de los gobiernos pelede\u00edstas. Afirm\u00f3 que su Partido est\u00e1 y se [&hellip;]<\/p>\n","protected":false},"author":1,"featured_media":0,"comment_status":"open","ping_status":"open","sticky":false,"template":"","format":"standard","meta":{"tdm_status":"","tdm_grid_status":"","footnotes":""},"categories":[9],"tags":[],"_links":{"self":[{"href":"https:\/\/pldaldia.com\/portada\/wp-json\/wp\/v2\/posts\/11961"}],"collection":[{"href":"https:\/\/pldaldia.com\/portada\/wp-json\/wp\/v2\/posts"}],"about":[{"href":"https:\/\/pldaldia.com\/portada\/wp-json\/wp\/v2\/types\/post"}],"author":[{"embeddable":true,"href":"https:\/\/pldaldia.com\/portada\/wp-json\/wp\/v2\/users\/1"}],"replies":[{"embeddable":true,"href":"https:\/\/pldaldia.com\/portada\/wp-json\/wp\/v2\/comments?post=11961"}],"version-history":[{"count":0,"href":"https:\/\/pldaldia.com\/portada\/wp-json\/wp\/v2\/posts\/11961\/revisions"}],"wp:attachment":[{"href":"https:\/\/pldaldia.com\/portada\/wp-json\/wp\/v2\/media?parent=11961"}],"wp:term":[{"taxonomy":"category","embeddable":true,"href":"https:\/\/pldaldia.com\/portada\/wp-json\/wp\/v2\/categories?post=11961"},{"taxonomy":"post_tag","embeddable":true,"href":"https:\/\/pldaldia.com\/portada\/wp-json\/wp\/v2\/tags?post=11961"}],"curies":[{"name":"wp","href":"https:\/\/api.w.org\/{rel}","templated":true}]}}