{"id":11964,"date":"2017-09-04T14:31:33","date_gmt":"2017-09-04T14:31:33","guid":{"rendered":"http:\/\/pldaldia.com\/portada\/?p=11964"},"modified":"2017-09-04T14:31:33","modified_gmt":"2017-09-04T14:31:33","slug":"una-sociedad-impactada","status":"publish","type":"post","link":"https:\/\/pldaldia.com\/portada\/una-sociedad-impactada\/","title":{"rendered":"Una sociedad impactada"},"content":{"rendered":"<p>La sociedad dominicana abre una nueva p\u00e1gina compungida por lamentables sucesos tr\u00e1gicos que nos han estremecido.<br \/>\nEmely Peguero, de 16 a\u00f1os, con un embarazo  cinco meses de gestaci\u00f3n, fue secuestrada  y vilmente asesinada  por su novio,  un jovencito de apenas 20 a\u00f1os. La necropsia determin\u00f3 un  horrendo aborto y  un golpe que le fractur\u00f3 el cr\u00e1neo. Su cuerpo fue mutilado, introducido en una maleta y lanzado a un lado de una carretera.<\/p>\n<p>A Dioskairy Gomez, residente en Rinc\u00f2n La Vega  la asesinaron, incendiaron su cuerpo, que fue encontrado cerca de la carretera que conduce a Fantino. Se investiga a su padrastro y la propia madre de la occisa<\/p>\n<p>Rosalinda Yan P\u00e9rez de 18 a\u00f1os de edad, cuyo cad\u00e1ver fue encontrado en el ba\u00f1o de una casa en construcci\u00f3n, sali\u00f3 de su casa en Nigua, San Crist\u00f3bal, el s\u00e1bado 26 de agosto y de camino se encontr\u00f3 con su expareja, quien, a punta de cuchillo, le orden\u00f3 que se montara en su motor, y no regres\u00f3. Termin\u00f3  violada, torturada y ahorcada con una cuerda y su cad\u00e1ver semidesnudo tirado en el interior de la  casa que se  construye.<\/p>\n<p>Los hechos son para desconsolarnos y al\u00e1rmanos. D\u00edas  tr\u00e1gicos, angustiantes, conmovedores. Tres j\u00f3venes  vil y brutalmente asesinadas, hechos que han  doblegado la sociedad<\/p>\n<p>Son sucesos que retratan el predominio de antivalores porque se ha impuesto  el individualismo, el  sexo irresponsable,  las drogas, culturas desconocidas a la que las nuevas generaciones se  arrodillan  porque entienden entran a la moda y son s\u00edmbolos del modernismo.<\/p>\n<p>La conciencia nacional se ha estremecido. En menos de una semana tres casos de asesinatos de adultas  a destiempo,  en las que los rasgos de la adolescencia dominan. No hace tanto un religioso asesina con sa\u00f1a a un jovencito en otro hecho consternante.<\/p>\n<p>Un hecho tr\u00e1gico tras otro y los oportunistas de siempre juzgando y culpando y limpi\u00e1ndose las manos.<\/p>\n<p>Para combatir ese flagelo debemos admitir que se degrada la familia, permeada por antivalores inducidos por  modelos degradantes y corrompidos, que han encendido el bot\u00f3n de una alarma general para que procuremos salidas   la angustia y frustraci\u00f3n que dejan estos hechos   <\/p>\n","protected":false},"excerpt":{"rendered":"<p>La sociedad dominicana abre una nueva p\u00e1gina compungida por lamentables sucesos tr\u00e1gicos que nos han estremecido. Emely Peguero, de 16 a\u00f1os, con un embarazo cinco meses de gestaci\u00f3n, fue secuestrada y vilmente asesinada por su novio, un jovencito de apenas 20 a\u00f1os. La necropsia determin\u00f3 un horrendo aborto y un golpe que le fractur\u00f3 el [&hellip;]<\/p>\n","protected":false},"author":1,"featured_media":0,"comment_status":"open","ping_status":"open","sticky":false,"template":"","format":"standard","meta":{"tdm_status":"","tdm_grid_status":"","footnotes":""},"categories":[24],"tags":[],"_links":{"self":[{"href":"https:\/\/pldaldia.com\/portada\/wp-json\/wp\/v2\/posts\/11964"}],"collection":[{"href":"https:\/\/pldaldia.com\/portada\/wp-json\/wp\/v2\/posts"}],"about":[{"href":"https:\/\/pldaldia.com\/portada\/wp-json\/wp\/v2\/types\/post"}],"author":[{"embeddable":true,"href":"https:\/\/pldaldia.com\/portada\/wp-json\/wp\/v2\/users\/1"}],"replies":[{"embeddable":true,"href":"https:\/\/pldaldia.com\/portada\/wp-json\/wp\/v2\/comments?post=11964"}],"version-history":[{"count":0,"href":"https:\/\/pldaldia.com\/portada\/wp-json\/wp\/v2\/posts\/11964\/revisions"}],"wp:attachment":[{"href":"https:\/\/pldaldia.com\/portada\/wp-json\/wp\/v2\/media?parent=11964"}],"wp:term":[{"taxonomy":"category","embeddable":true,"href":"https:\/\/pldaldia.com\/portada\/wp-json\/wp\/v2\/categories?post=11964"},{"taxonomy":"post_tag","embeddable":true,"href":"https:\/\/pldaldia.com\/portada\/wp-json\/wp\/v2\/tags?post=11964"}],"curies":[{"name":"wp","href":"https:\/\/api.w.org\/{rel}","templated":true}]}}