{"id":11972,"date":"2017-09-04T14:34:30","date_gmt":"2017-09-04T14:34:30","guid":{"rendered":"http:\/\/pldaldia.com\/portada\/?p=11972"},"modified":"2017-09-04T14:34:30","modified_gmt":"2017-09-04T14:34:30","slug":"unesco-alerta-sobre-desequilibrio-educacional-entre-ninas-y-ninos","status":"publish","type":"post","link":"https:\/\/pldaldia.com\/portada\/unesco-alerta-sobre-desequilibrio-educacional-entre-ninas-y-ninos\/","title":{"rendered":"Unesco alerta sobre desequilibrio educacional entre ni\u00f1as y ni\u00f1os"},"content":{"rendered":"<p>Las desigualdades entre ni\u00f1os y ni\u00f1as en la ense\u00f1anza de la ciencia y la tecnolog\u00eda persisten en todo el planeta, pese a los esfuerzos realizados en los \u00faltimos a\u00f1os para reducir la brecha, alert\u00f3 hoy la Unesco.<\/p>\n<p>En un reporte publicado este lunes, cuando en muchos pa\u00edses del mundo inicia un nuevo curso escolar, esa organizaci\u00f3n de la ONU advirti\u00f3 que \u00aben numerosas situaciones, los obst\u00e1culos socio-econ\u00f3micos, culturales y otros impiden a las muchachas adquirir o beneficiarse plenamente de una educaci\u00f3n de calidad en estas materias\u00bb.<\/p>\n<p>La ciencia, la ingenier\u00eda, la matem\u00e1tica y las tecnolog\u00edas siguen siendo territorio privilegiado de los varones, \u00abcon desigualdades impactantes\u00bb con respecto a las chicas, se\u00f1al\u00f3 el informe.<\/p>\n<p>Notiresumen internacional<\/p>\n<p>Despu\u00e9s de recorridos m\u00e1s de cuatro mil kil\u00f3metros por el Nordeste de Brasil, la Caravana de la Esperanza que conduce el ex presidente Luiz In\u00e1cio Lula da Silva entra hoy en su recta final.<\/p>\n<p>\u2026\u2026\u2026..<\/p>\n<p>Los L\u00edderes de Brasil, Rusia, India, China y Sud\u00e1frica apoyaron la globalizaci\u00f3n econ\u00f3mica frente al proteccionismo, seg\u00fan la Declaraci\u00f3n de Xiamen emitida hoy en el marco de la novena cumbre del Brics que sesiona en esta ciudad china.<\/p>\n<p>\u2026\u2026\u2026\u2026\u2026.<\/p>\n<p>El presidente de Afganist\u00e1n, Ashraf Ghani, busca reactivar el cuarteto integrado por su pa\u00eds, Estados Unidos, Rusia y Pakist\u00e1n para intentar llevar a la mesa de di\u00e1logo a los talibanes, revelaron hoy fuentes oficiales al diario Daily Express.<\/p>\n<p>\u2026\u2026\u2026\u2026\u2026..<\/p>\n<p>Tropas especiales del Ej\u00e9rcito sirio, las llamadas Fuerzas Tigres, se encuentran a unos 10 kil\u00f3metros de la norte\u00f1a ciudad de Deir Ezzor, basti\u00f3n de terroristas del Estado Isl\u00e1mico o Daesh (EI), divulgaron hoy fuentes militares.<\/p>\n","protected":false},"excerpt":{"rendered":"<p>Las desigualdades entre ni\u00f1os y ni\u00f1as en la ense\u00f1anza de la ciencia y la tecnolog\u00eda persisten en todo el planeta, pese a los esfuerzos realizados en los \u00faltimos a\u00f1os para reducir la brecha, alert\u00f3 hoy la Unesco. En un reporte publicado este lunes, cuando en muchos pa\u00edses del mundo inicia un nuevo curso escolar, esa [&hellip;]<\/p>\n","protected":false},"author":1,"featured_media":0,"comment_status":"open","ping_status":"open","sticky":false,"template":"","format":"standard","meta":{"tdm_status":"","tdm_grid_status":"","footnotes":""},"categories":[9],"tags":[],"_links":{"self":[{"href":"https:\/\/pldaldia.com\/portada\/wp-json\/wp\/v2\/posts\/11972"}],"collection":[{"href":"https:\/\/pldaldia.com\/portada\/wp-json\/wp\/v2\/posts"}],"about":[{"href":"https:\/\/pldaldia.com\/portada\/wp-json\/wp\/v2\/types\/post"}],"author":[{"embeddable":true,"href":"https:\/\/pldaldia.com\/portada\/wp-json\/wp\/v2\/users\/1"}],"replies":[{"embeddable":true,"href":"https:\/\/pldaldia.com\/portada\/wp-json\/wp\/v2\/comments?post=11972"}],"version-history":[{"count":0,"href":"https:\/\/pldaldia.com\/portada\/wp-json\/wp\/v2\/posts\/11972\/revisions"}],"wp:attachment":[{"href":"https:\/\/pldaldia.com\/portada\/wp-json\/wp\/v2\/media?parent=11972"}],"wp:term":[{"taxonomy":"category","embeddable":true,"href":"https:\/\/pldaldia.com\/portada\/wp-json\/wp\/v2\/categories?post=11972"},{"taxonomy":"post_tag","embeddable":true,"href":"https:\/\/pldaldia.com\/portada\/wp-json\/wp\/v2\/tags?post=11972"}],"curies":[{"name":"wp","href":"https:\/\/api.w.org\/{rel}","templated":true}]}}