{"id":11974,"date":"2017-09-04T17:12:51","date_gmt":"2017-09-04T17:12:51","guid":{"rendered":"http:\/\/pldaldia.com\/portada\/?p=11974"},"modified":"2017-09-04T17:12:51","modified_gmt":"2017-09-04T17:12:51","slug":"comision-visita-al-presidente-danilo-medina-presentan-proyecto-de-ley-de-partidos","status":"publish","type":"post","link":"https:\/\/pldaldia.com\/portada\/comision-visita-al-presidente-danilo-medina-presentan-proyecto-de-ley-de-partidos\/","title":{"rendered":"Comisi\u00f3n  visita al presidente Danilo Medina. Presentan proyecto de Ley de Partidos"},"content":{"rendered":"<p>El presidente Danilo Medina recibi\u00f3 este los senadores y diputados que integran la comisi\u00f3n bicameral que estudia el proyecto de Ley de Partidos, Agrupaciones y Movimientos pol\u00edticos, que preside el Senador por Mar\u00eda Trinidad Sanchez, Ar\u00edstides Victoria Yeb.<\/p>\n<p>La comisi\u00f3n acudi\u00f3 a presentar el proyecto al mandatario, como lo han hecho con la mayor\u00eda de los partidos pol\u00edticos.<\/p>\n<p><a href=\"http:\/\/pldaldia.com\/portada\/wp-content\/uploads\/2017\/09\/Comision-visitaDM.jpg\" rel=\"attachment wp-att-11976\"><img decoding=\"async\" loading=\"lazy\" class=\"alignnone size-full wp-image-11976\" src=\"http:\/\/pldaldia.com\/portada\/wp-content\/uploads\/2017\/09\/Comision-visitaDM.jpg\" alt=\"Comision visitaDM\" width=\"1280\" height=\"852\" \/><\/a>Una imagen fotogr\u00e1fica de la visita realizada al despacho presidencial de la tercera planta del Palacio Nacional ,muestran los congresistas de todos los partidos pol\u00edticos en conversaci\u00f3n amena con el jefe del Estado.<br \/>\nEn el encuentro particip\u00f3 el Presidente del Senado de la Rep\u00fablica, Reinaldo Pared Perez y el presidente de la C\u00e1mara de Diputados, Ruben Maldonado.<\/p>\n<p>Ar\u00edstides Victoria dijo, previ\u00f3 a subir al despacho presidencial , que en este mes concluir\u00e1 el estudio de la pieza y presentar\u00e1n un informe a los plenos de ambas c\u00e1maras<\/p>\n","protected":false},"excerpt":{"rendered":"<p>El presidente Danilo Medina recibi\u00f3 este los senadores y diputados que integran la comisi\u00f3n bicameral que estudia el proyecto de Ley de Partidos, Agrupaciones y Movimientos pol\u00edticos, que preside el Senador por Mar\u00eda Trinidad Sanchez, Ar\u00edstides Victoria Yeb. La comisi\u00f3n acudi\u00f3 a presentar el proyecto al mandatario, como lo han hecho con la mayor\u00eda de [&hellip;]<\/p>\n","protected":false},"author":1,"featured_media":0,"comment_status":"open","ping_status":"open","sticky":false,"template":"","format":"standard","meta":{"tdm_status":"","tdm_grid_status":"","footnotes":""},"categories":[9],"tags":[],"_links":{"self":[{"href":"https:\/\/pldaldia.com\/portada\/wp-json\/wp\/v2\/posts\/11974"}],"collection":[{"href":"https:\/\/pldaldia.com\/portada\/wp-json\/wp\/v2\/posts"}],"about":[{"href":"https:\/\/pldaldia.com\/portada\/wp-json\/wp\/v2\/types\/post"}],"author":[{"embeddable":true,"href":"https:\/\/pldaldia.com\/portada\/wp-json\/wp\/v2\/users\/1"}],"replies":[{"embeddable":true,"href":"https:\/\/pldaldia.com\/portada\/wp-json\/wp\/v2\/comments?post=11974"}],"version-history":[{"count":0,"href":"https:\/\/pldaldia.com\/portada\/wp-json\/wp\/v2\/posts\/11974\/revisions"}],"wp:attachment":[{"href":"https:\/\/pldaldia.com\/portada\/wp-json\/wp\/v2\/media?parent=11974"}],"wp:term":[{"taxonomy":"category","embeddable":true,"href":"https:\/\/pldaldia.com\/portada\/wp-json\/wp\/v2\/categories?post=11974"},{"taxonomy":"post_tag","embeddable":true,"href":"https:\/\/pldaldia.com\/portada\/wp-json\/wp\/v2\/tags?post=11974"}],"curies":[{"name":"wp","href":"https:\/\/api.w.org\/{rel}","templated":true}]}}