{"id":11978,"date":"2017-09-04T18:23:29","date_gmt":"2017-09-04T18:23:29","guid":{"rendered":"http:\/\/pldaldia.com\/portada\/?p=11978"},"modified":"2017-09-04T18:23:29","modified_gmt":"2017-09-04T18:23:29","slug":"retos-actuales-del-pld-2","status":"publish","type":"post","link":"https:\/\/pldaldia.com\/portada\/retos-actuales-del-pld-2\/","title":{"rendered":"Retos actuales del PLD"},"content":{"rendered":"<p><strong><em>Domingo Contreras<\/em><\/strong><em>\u00a0explica que respuestas dada por el PLD a diferentes retos es lo que ha permitido convertirse en la principal fuerza pol\u00edtica.<\/em><\/p>\n<p>La relaci\u00f3n partido, gobierno y sociedad es un tema de tensi\u00f3n en todas las sociedades del mundo que requiere una evaluaci\u00f3n permanente de todas las organizaciones pol\u00edticas y que en la sociedad dominicana existen demandas que hay que responder desde el gobierno y desde el PLD, en este caso.<\/p>\n<p>La opini\u00f3n es de\u00a0<strong>Domingo Contreras<\/strong>, miembro del Comit\u00e9 Central del Partido de la Liberaci\u00f3n Dominicana, externada en la conferencia\u00a0<strong>\u201cPartido, Gobierno y<\/strong>\u00a0<strong>Sociedad y los desaf\u00edos hacia el 2020\u201d<\/strong>\u00a0organizada por Innovaci\u00f3n PLD, ante decenas de j\u00f3venes que se congregaron en llenaron el Sal\u00f3n de Actos Bienvenido Sandoval de la Casa Nacional del PLD y hubo necesidad de habilitar un espacio en el estacionamiento interno de la sede pelede\u00edsta.<\/p>\n<p>Contreras, tambi\u00e9n director de Programas Especiales de la Presidencia, dijo que la respuesta\u00a0a estas demandas es lo que ha permitido que el PLD se haya convertido en la organizaci\u00f3n principal en la vida pol\u00edtica de la Rep\u00fablica Dominicana y la capacidad de responder a los retos que tiene la sociedad de ser capaz de mantener la unidad en la diversidad.<\/p>\n<p>\u201cHoy siento que en esta organizaci\u00f3n hay una demanda importante de que sea aprobada la Ley de Partidos, para que\u00a0cada vez ser m\u00e1s democr\u00e1tico y permitir que una nueva generaci\u00f3n tenga espacios importantes en la construcci\u00f3n de ese nuevo liderazgo del PLD\u201d, expres\u00f3 Contreras referido en un reporte de prensa\u00a0de la Secretar\u00eda de Comunicaciones del PLD.<\/p>\n<p>Propone que las organizaciones no solo sean una instancia del momento electoral sino que puedan participar permanentemente en el quehacer de la sociedad por causa. \u201cHoy tenemos una juventud que participa en causa ambiental, de salud, justicia y lucha contra la pobreza\u201d.<\/p>\n<p><a href=\"http:\/\/pldaldia.com\/portada\/wp-content\/uploads\/2017\/09\/Domingo1.jpg\" rel=\"attachment wp-att-11982\"><img decoding=\"async\" loading=\"lazy\" class=\"alignnone size-full wp-image-11982\" src=\"http:\/\/pldaldia.com\/portada\/wp-content\/uploads\/2017\/09\/Domingo1.jpg\" alt=\"Domingo1\" width=\"645\" height=\"897\" \/><\/a>Agreg\u00f3 que la sociedad ya no quiere ser un espectador pasivo sino un actor y que las redes sociales permiten construir esa relaci\u00f3n. \u201cCada cierto tiempo el Partido de la Liberaci\u00f3n Dominicana ha tenido retos importantes y ha sabido responder, por eso es la n\u00famero uno\u201d.<\/p>\n<p>El dirigente pol\u00edtico manifest\u00f3 que aspira a que el PLD siga conduciendo los destinos nacionales y \u201cpara eso tenemos que responder a los retos que hoy nos hace la sociedad dominicana y nos hace la globalizaci\u00f3n porque esto no es un fen\u00f3meno a escala local es tambi\u00e9n un fen\u00f3meno a escala global\u201d.<\/p>\n<p>En declaraciones a la prensa previa a la conferencia apunt\u00f3 que la relaci\u00f3n partido, gobierno y sociedad son tres temas que se entremezclan dentro del propio desaf\u00edo de una organizaci\u00f3n pol\u00edtica como el PLD<\/p>\n<p>\u201cLos retos que tiene la sociedad dominicana y que al parito le ha tocado desde el gobierno en aras de los programas de desarrollo, de construir una visi\u00f3n de pa\u00eds, de combatir la pobreza, llevar a cabo una revoluci\u00f3n educativa, de responder anhelos que est\u00e1n cimentados desde la fundaci\u00f3n de la Rep\u00fablica Dominicana como eliminar el analfabetismo, consolidar\u00a0una matriz energ\u00e9tica que permita fortalecer la competitividad y convertir al pa\u00eds en el l\u00edder del turismo en el Caribe\u201d, resalt\u00f3.<\/p>\n<p>A\u00f1adi\u00f3 que se debe tomar en cuenta que una organizaci\u00f3n como el Partido de la Liberaci\u00f3n Dominicana est\u00e1 sujeta a fortalecer la democracia, abrir un espacio para que la nueva generaci\u00f3n pueda ser parte de esa renovaci\u00f3n que est\u00e1 consignada en la declaraci\u00f3n de principio del PLD. \u201cEl Partido de la Liberaci\u00f3n Dominicana tiene que entender que hay un cambio en la forma en que la sociedad comienza a participar y hemos tenido expresi\u00f3n pol\u00edtica en otras sociedades\u201d.<\/p>\n<p>Se\u00f1al\u00f3 que en la medida en que podamos democratizar el partido y atraer nueva generaci\u00f3n fortalecer el partido, considerando esto como\u00a0una plataforma sumamente poderosa.<\/p>\n<p>Las palabras de introducci\u00f3n estuvieron a cargo de H\u00e9ctor Olivo, titular de la Secretar\u00eda de Comunicaciones quien dijo que el Partido de la Liberaci\u00f3n Dominicana se siente estimulado con esta actividad y la gran cantidad de asistentes a la conferencia.<\/p>\n<p>Innovaci\u00f3n PLD es un foro de discusiones y planteamientos pol\u00edticos que cuenta con el respaldo de las Secretar\u00edas General, Comunicaciones, Formaci\u00f3n Pol\u00edtica y Relaciones Internacionales.<\/p>\n<p><a href=\"http:\/\/pldaldia.com\/portada\/wp-content\/uploads\/2017\/09\/Domingo3.jpg\" rel=\"attachment wp-att-11980\"><img decoding=\"async\" loading=\"lazy\" class=\"alignnone size-full wp-image-11980\" src=\"http:\/\/pldaldia.com\/portada\/wp-content\/uploads\/2017\/09\/Domingo3.jpg\" alt=\"Domingo3\" width=\"984\" height=\"506\" \/><\/a>Para debatir temas y debates Innovaci\u00f3n PLD \u00a0ha abierto dos foros permanentes: \u00a0Un Ciclo de Conferencias y la Mesa Tem\u00e1tica\u00a0en los que han participado diferentes dirigentes del Partido de la Liberaci\u00f3n Dominicana desarrollando los temas escogidos de manera com\u00fan.<\/p>\n","protected":false},"excerpt":{"rendered":"<p>Domingo Contreras\u00a0explica que respuestas dada por el PLD a diferentes retos es lo que ha permitido convertirse en la principal fuerza pol\u00edtica. La relaci\u00f3n partido, gobierno y sociedad es un tema de tensi\u00f3n en todas las sociedades del mundo que requiere una evaluaci\u00f3n permanente de todas las organizaciones pol\u00edticas y que en la sociedad dominicana [&hellip;]<\/p>\n","protected":false},"author":1,"featured_media":0,"comment_status":"open","ping_status":"open","sticky":false,"template":"","format":"standard","meta":{"tdm_status":"","tdm_grid_status":"","footnotes":""},"categories":[9],"tags":[],"_links":{"self":[{"href":"https:\/\/pldaldia.com\/portada\/wp-json\/wp\/v2\/posts\/11978"}],"collection":[{"href":"https:\/\/pldaldia.com\/portada\/wp-json\/wp\/v2\/posts"}],"about":[{"href":"https:\/\/pldaldia.com\/portada\/wp-json\/wp\/v2\/types\/post"}],"author":[{"embeddable":true,"href":"https:\/\/pldaldia.com\/portada\/wp-json\/wp\/v2\/users\/1"}],"replies":[{"embeddable":true,"href":"https:\/\/pldaldia.com\/portada\/wp-json\/wp\/v2\/comments?post=11978"}],"version-history":[{"count":0,"href":"https:\/\/pldaldia.com\/portada\/wp-json\/wp\/v2\/posts\/11978\/revisions"}],"wp:attachment":[{"href":"https:\/\/pldaldia.com\/portada\/wp-json\/wp\/v2\/media?parent=11978"}],"wp:term":[{"taxonomy":"category","embeddable":true,"href":"https:\/\/pldaldia.com\/portada\/wp-json\/wp\/v2\/categories?post=11978"},{"taxonomy":"post_tag","embeddable":true,"href":"https:\/\/pldaldia.com\/portada\/wp-json\/wp\/v2\/tags?post=11978"}],"curies":[{"name":"wp","href":"https:\/\/api.w.org\/{rel}","templated":true}]}}