{"id":12637,"date":"2017-08-30T17:39:21","date_gmt":"2017-08-30T17:39:21","guid":{"rendered":"http:\/\/pldaldia.com\/portada\/?p=12637"},"modified":"2017-10-27T17:40:27","modified_gmt":"2017-10-27T17:40:27","slug":"dirigente-fundador-del-pld-aboga-por-mejor-relacion-y-comunicacion-con-las-bases","status":"publish","type":"post","link":"https:\/\/pldaldia.com\/portada\/dirigente-fundador-del-pld-aboga-por-mejor-relacion-y-comunicacion-con-las-bases\/","title":{"rendered":"Dirigente fundador del PLD aboga por mejor relaci\u00f3n y comunicaci\u00f3n con las bases"},"content":{"rendered":"<p>Por Jes\u00fas Reyes Mota<\/p>\n<p>Federico V\u00e1squez, miembro fundador del Partido de la Liberaci\u00f3n Dominicana, exhort\u00f3 a la dirigencia partidaria a que establezca una mayor relaci\u00f3n y comunicaci\u00f3n con las bases del Partido y se retomen  m\u00e9todos y principios imperecederos.<br \/>\nV\u00e1squez, quien fuera miembro del equipo de seguridad del PLD y trabaj\u00f3 por 23 a\u00f1os en la oficina profesional del profesor Juan Bosch, considera que ese v\u00ednculo con las bases pelede\u00edstas no solo beneficiar\u00eda al Partido sino tambi\u00e9n al pa\u00eds.<br \/>\n\u201cSon las bases del Partido de la Liberaci\u00f3n Dominicana las que tienen una relaci\u00f3n m\u00e1s directa con la sociedad. El PLD debe ser rescatado no solo para beneficio de la organizaci\u00f3n sino para la Rep\u00fablica Dominicana\u201d, expres\u00f3 V\u00e1squez entrevistado para Vanguardia del Pueblo.<br \/>\nConsidera que el abandono de algunos planes, programas, principios y m\u00e9todos ha lesionado al Partido de la Liberaci\u00f3n Dominicana y se ha reflejado en los gobiernos que ha ejercido.<br \/>\n\u201cLo primero es que ha habido un abandono de los principios que le dieron origen al Partido de la Liberaci\u00f3n Dominicana. El PLD surge con un programa de gobierno que era el de la Dignidad Nacional, apoyado por 17 partidos y movimientos de derecha, centro e izquierda\u201d, refiri\u00f3 Federico al recordar aquellos or\u00edgenes que consolidaron un gran bloque partidario.<br \/>\nPrecis\u00f3 que en esa \u00e9poca se trataba de resolver una serie de problemas b\u00e1sicos para el pa\u00eds, agregando que algunos de ellos han sido resueltos por los gobiernos del PLD, pero que todav\u00eda hay que darles respuestas a otros problemas, considerados b\u00e1sicos.<br \/>\nAl ser abordado sobre la relaci\u00f3n partido-gobierno dijo que no existe tal relaci\u00f3n y que lo que hay es contacto de compa\u00f1eros con algunos funcionarios.<br \/>\n\u201cNos sentimos como una persona que se prepara para ser m\u00e9dico o profesor y los guardan en su casa. Miles y miles de compa\u00f1eros se encuentran en su casa sin hacer el trabajo pol\u00edtico para el que fueron formados. Aqu\u00ed se hace mucha politiquer\u00eda. Los pelede\u00edstas nos formamos para trabajar pol\u00edtica\u201d, indic\u00f3.<br \/>\nEl ex activista nacional y director club\u00edstico lamenta tambi\u00e9n que el Partido de la Liberaci\u00f3n Dominicana abandonara la relaci\u00f3n de trabajo con los clubes deportivos y culturales.<br \/>\nEn ese sentido, subray\u00f3 que el PLD, en los tiempos de su consolidaci\u00f3n, orientaba algunos clubes y que en una ocasi\u00f3n llegaron a dirigir la Asociaci\u00f3n Nacional de Clubes.<br \/>\n\u201cEra la \u00e9poca de los clubes, exist\u00eda una estrecha relaci\u00f3n con la juventud. Si muchos de los j\u00f3venes que hoy est\u00e1n en la delincuencia estuvieran en contacto con esos clubes, disminuir\u00eda ese mal\u201d, razona.<\/p>\n<p>En el Partido<\/p>\n<p>Federico V\u00e1squez pertenece al Comit\u00e9 Intermedio General C\u00e9sar Augusto Sandino ubicado en el \u00e1rea de Guachupita, siendo uno de sus fundadores. Relata que el nombre fue sugerido por Franklin Almeyda y que tuvo como primera secretaria general a Adonaida Medina, actual embajadora en el exterior, y se form\u00f3 en lo que era la zona D Luis Reyes Acosta del Partido Revolucionario Dominicano.<br \/>\nExpresa que estando en el PRD se inici\u00f3 en un n\u00facleo de estudios (nombre que recibieron los C\u00edrculos de Estudios al fundarse el PLD) y estaban dirigidos por Milagros Ortiz Bosch, Rafael Alburquerque, Di\u00f3medes Mercedes, Antonio Abreu y Hatuey Decamps, entre otros, quienes pertenec\u00edan a la Comisi\u00f3n de Educaci\u00f3n perrede\u00edsta.<br \/>\nNarra que en 1979 pas\u00f3 al equipo de seguridad del PLD y del profesor Juan Bosch y a ra\u00edz del fallecimiento del l\u00edder pelede\u00edsta pas\u00f3 a la seguridad de la que fuera su residencia y donde vive do\u00f1a Carmen Quidiello de Bosch y funciona la Fundaci\u00f3n Juan Bosch. Este servicio lo alterna con su responsabilidad en la Casa Nacional del PLD, como supervisor de la edificaci\u00f3n.<br \/>\nV\u00e1squez form\u00f3 parte del grupo que fue entrenado para la seguridad del partido y del Profesor Juan Bosch.<br \/>\nComo servidor p\u00fablico fue encargado del Archivo Central de Aduanas en el primer gobierno de Leonel Fern\u00e1ndez, a instancia de Evans S\u00e1nchez. Tiene un nivel t\u00e9cnico en Archivo, T\u00e9cnicas de Oficina y es profesor de secundaria.<\/p>\n<p>La renuncia del PRD<\/p>\n<p>Cuenta que cuando se enter\u00f3 de la renuncia de Juan Bosch del PRD en noviembre de 1973, a trav\u00e9s de un avance noticioso de Radio Mil Informando, arranc\u00f3 junto a otros compa\u00f1eros para la Casa Nacional de  ese partido. \u201cAqu\u00ed encontramos a Antonio Pierre, que estaba ejercit\u00e1ndose, quien nos dijo que hab\u00eda llegado de una actividad con don Juan de Santiago y que le sorprend\u00eda la noticia. Nos expres\u00f3 que no pod\u00edamos entrar, pero los compa\u00f1eros saltaron por la verja y entraron. Los miembros del Sandino fueron los primeros en llegar a la Casa Nacional\u201d.<br \/>\nRefiere que al d\u00eda siguiente en la ma\u00f1ana, de camino a la casa residencial del don Juan, se encontraron con Norge Botello, quien los devolvi\u00f3 dici\u00e9ndoles que bajo ninguna circunstancias se pod\u00eda abandonar la Casa Nacional porque esa casa estaba bajo la responsabilidad de Bosch, y retornaron de nuevo.<br \/>\n\u201cEl letrero del PRD se desmont\u00f3 al otro d\u00eda, como a las 11:00 de la ma\u00f1ana, y se borr\u00f3, en ese momento no se defini\u00f3 si era Partido de la Liberaci\u00f3n Dominicana o Nacional y optaron por dejarlo vac\u00edo\u201d, explic\u00f3.<br \/>\nSe\u00f1ala que en esos d\u00edas se amanec\u00eda en la Casa Nacional hasta con la presencia de unos diez Comit\u00e9s Intermedios. \u201cEsto era como una fiesta, la gente tra\u00eda instrumentos de m\u00fasica, cantaban y se cocinaba. Pe\u00f1a G\u00f3mez hac\u00eda intentos para que le entregaran la casa, pero don Juan le dijo que si retiraba el calificativo de v\u00e1ndalos daba la orden de que la desocuparan, pero como no lo hizo nunca se le entreg\u00f3\u201d.<br \/>\nFederico sostiene que no se sorprendi\u00f3 cuando Bosch renunci\u00f3 del PRD para formar otro partido por la lucha interna que sosten\u00edan los dos grandes bandos. \u201cSe hablaba de lo nuevo y lo viejo, y despu\u00e9s se dijo que se trataba de la oligarqu\u00eda que exist\u00eda dentro del PRD que no aceptaba los cambios. En el mundo la situaci\u00f3n hab\u00eda cambiado mucho y hab\u00eda que hacer esos cambios en el pa\u00eds, y el PRD como partido deb\u00eda cambiar para contribuir con el pa\u00eds\u201d, sostuvo.<\/p>\n<p>Con Juan Bosch<\/p>\n<p>El dirigente pelede\u00edsta estuvo 23 a\u00f1os trabajando con el profesor Juan Bosch en su oficina como uno de sus ayudantes, ubicada primero en la C\u00e9sar Nicol\u00e1s Penson y luego en la calle Paseo de los Locutores.<br \/>\n\u201cEra del equipo de ayudantes y hablaba con \u00e9l unas tres o cuatro veces a la semana. Tengo cerca de diez libros autografiados por don Juan y en la mayor\u00eda pon\u00eda \u2018miembro ejemplar de Guachupita\u2019. Atend\u00edamos a las personas que llegaban\u201d, rememora.<br \/>\nDestaca que el expresidente de la Rep\u00fablica era una persona desprendida y que como resultado de esto regalaba parte de su vestimenta y que conserva tres corbatas que le obsequi\u00f3. Adem\u00e1s, que rechaz\u00f3 la escolta presidencial que le correspond\u00eda en su calidad de ex presidente de la Rep\u00fablica.<br \/>\nComo an\u00e9cdota con el escritor y pol\u00edtico refiere que el primer d\u00eda que le correspondi\u00f3 hacer servicio, un s\u00e1bado por la noche junto a Fidel Soto, le sorprendi\u00f3 con un desayuno de pl\u00e1tanos con huevo crudo que hab\u00eda preparado, luego de levantarse a las 5:00 de la ma\u00f1ana. \u201cEl huevo crudo con todo y clara me lo sirvi\u00f3 en un vaso, me com\u00ed los pl\u00e1tanos, pero el huevo se lo di a Fidel que estaba acostumbrado a este tipo de desayuno\u201d.<br \/>\nCerr\u00f3 la entrevista con el equipo de la multimedia del PLD con la exhortaci\u00f3n a la direcci\u00f3n partidaria para que establezca una mayor relaci\u00f3n y comunicaci\u00f3n con las bases del Partido y se retomen sus m\u00e9todos y principios imperecederos.<\/p>\n","protected":false},"excerpt":{"rendered":"<p>Por Jes\u00fas Reyes Mota Federico V\u00e1squez, miembro fundador del Partido de la Liberaci\u00f3n Dominicana, exhort\u00f3 a la dirigencia partidaria a que establezca una mayor relaci\u00f3n y comunicaci\u00f3n con las bases del Partido y se retomen m\u00e9todos y principios imperecederos. V\u00e1squez, quien fuera miembro del equipo de seguridad del PLD y trabaj\u00f3 por 23 a\u00f1os en [&hellip;]<\/p>\n","protected":false},"author":1,"featured_media":0,"comment_status":"open","ping_status":"open","sticky":false,"template":"","format":"standard","meta":{"tdm_status":"","tdm_grid_status":"","footnotes":""},"categories":[9],"tags":[],"_links":{"self":[{"href":"https:\/\/pldaldia.com\/portada\/wp-json\/wp\/v2\/posts\/12637"}],"collection":[{"href":"https:\/\/pldaldia.com\/portada\/wp-json\/wp\/v2\/posts"}],"about":[{"href":"https:\/\/pldaldia.com\/portada\/wp-json\/wp\/v2\/types\/post"}],"author":[{"embeddable":true,"href":"https:\/\/pldaldia.com\/portada\/wp-json\/wp\/v2\/users\/1"}],"replies":[{"embeddable":true,"href":"https:\/\/pldaldia.com\/portada\/wp-json\/wp\/v2\/comments?post=12637"}],"version-history":[{"count":0,"href":"https:\/\/pldaldia.com\/portada\/wp-json\/wp\/v2\/posts\/12637\/revisions"}],"wp:attachment":[{"href":"https:\/\/pldaldia.com\/portada\/wp-json\/wp\/v2\/media?parent=12637"}],"wp:term":[{"taxonomy":"category","embeddable":true,"href":"https:\/\/pldaldia.com\/portada\/wp-json\/wp\/v2\/categories?post=12637"},{"taxonomy":"post_tag","embeddable":true,"href":"https:\/\/pldaldia.com\/portada\/wp-json\/wp\/v2\/tags?post=12637"}],"curies":[{"name":"wp","href":"https:\/\/api.w.org\/{rel}","templated":true}]}}