{"id":12655,"date":"2017-08-31T17:52:33","date_gmt":"2017-08-31T17:52:33","guid":{"rendered":"http:\/\/pldaldia.com\/portada\/?p=12655"},"modified":"2017-10-27T17:53:40","modified_gmt":"2017-10-27T17:53:40","slug":"dos-actitudes-y-el-resultado-de-siempre","status":"publish","type":"post","link":"https:\/\/pldaldia.com\/portada\/dos-actitudes-y-el-resultado-de-siempre\/","title":{"rendered":"Dos actitudes y el resultado de siempre"},"content":{"rendered":"<p>Adem\u00e1s de conmemorarse un nuevo aniversario, el 154, del inicio de la Guerra de la Restauraci\u00f3n, fecha de relevancia para la familia pelede\u00edsta, a la que Juan Bosch ense\u00f1\u00f3 a admirar a los h\u00e9roes nacionales y a estudiar  sus haza\u00f1as hist\u00f3ricas, el d\u00eda 16 de este mes el pa\u00eds vivi\u00f3 una experiencia pol\u00edtica aleccionadora de mucha significaci\u00f3n. Se trata de la elecci\u00f3n sin inconvenientes de los bufetes de los cuerpos legislativos y de los bufetes directivos de las salas capitulares de los cabildos.<\/p>\n<p>En el Senado y en la C\u00e1mara de Diputados no hab\u00eda ninguna duda de que el proceso eleccionario se desarrollar\u00eda sin problemas. Las aprensiones de que se presentar\u00edan inconvenientes se centraron en las elecciones de los cabildos y los distritos  municipales. \u00bfPor qu\u00e9? Porque un sector de la oposici\u00f3n, que a\u00fan no se ha curado de la man\u00eda de actuar de manera irreflexiva y de poner siempre los intereses particulares por encima de los nacionales, se empe\u00f1\u00f3 en tratar de deslucir esas elecciones. Con ese prop\u00f3sito lo primero que hicieron fue anunciar el desconocimiento de la denominada \u201cregla de oro\u201d que desde hace a\u00f1os se viene aplicando en la conformaci\u00f3n de los bufetes de los cabildos y de la direcci\u00f3n de los distritos municipales.<\/p>\n<p>La ceguera pol\u00edtica del insinuado sector de la oposici\u00f3n no repar\u00f3 en que la mencionada regla fue una iniciativa del que supuestamente consideran su l\u00edder, el doctor Jos\u00e9 Francisco  Pe\u00f1a G\u00f3mez, con la que se ha garantizado fortaleza institucional a los cabildos. Dijeron, en su af\u00e1n de crear situaciones para enfrentar al gobierno, que la mencionada \u201cregla de oro\u201d ya no tiene raz\u00f3n de ser.<\/p>\n<p>Pese a los esfuerzos que esos bravucones hicieron  por deslucir la escogencia de los bufetes directivos de los concejos de regidores, las elecciones transcurrieron como manda Dios. S\u00f3lo en dos municipios no se logr\u00f3 hacer la elecci\u00f3n: Villa Tapia, de Salcedo; y en Vicente Noble, provincia Barahona, en ninguno de los cuales se registr\u00f3 ning\u00fan tipo de fricci\u00f3n entre los regidores. En Villa Tapia no hubo elecci\u00f3n porque uno de los regidores y su suplente estaban fuera del pa\u00eds, y la votaci\u00f3n result\u00f3 empatada 3 a 3.<\/p>\n<p>En este proceso eleccionario se pusieron de manifiesto dos cosas;  primero, la vocaci\u00f3n por la derrota de ese sector oposicionista, que siempre apuesta a la confrontaci\u00f3n antes que a la concertaci\u00f3n, y, segundo, la vocaci\u00f3n por el consenso que prima en el PLD. Precisamente, esa vocaci\u00f3n  fue la que llev\u00f3 al Partido a gestionar y lograr acuerdos con los reformistas y los perrede\u00edstas, y presentar planchas de consenso en los cabildos en funci\u00f3n de a cu\u00e1l pertenec\u00eda el s\u00edndico.<\/p>\n<p>As\u00ed las cosas, los que apuestan a la beligerancia, a la contienda, resultaron nuevamente  derrotados, en tanto que salieron por la puerta ancha los que tienen una visi\u00f3n constructiva de la pol\u00edtica y, en consecuencia, act\u00faan siempre procurando soluciones a los problemas. Esa es la historia que en otros escenarios el pa\u00eds ha venido observando en los \u00faltimos  trece a\u00f1os.  Y que, al parecer, seguir\u00e1 viendo.<\/p>\n","protected":false},"excerpt":{"rendered":"<p>Adem\u00e1s de conmemorarse un nuevo aniversario, el 154, del inicio de la Guerra de la Restauraci\u00f3n, fecha de relevancia para la familia pelede\u00edsta, a la que Juan Bosch ense\u00f1\u00f3 a admirar a los h\u00e9roes nacionales y a estudiar sus haza\u00f1as hist\u00f3ricas, el d\u00eda 16 de este mes el pa\u00eds vivi\u00f3 una experiencia pol\u00edtica aleccionadora de [&hellip;]<\/p>\n","protected":false},"author":1,"featured_media":0,"comment_status":"open","ping_status":"open","sticky":false,"template":"","format":"standard","meta":{"tdm_status":"","tdm_grid_status":"","footnotes":""},"categories":[38],"tags":[],"_links":{"self":[{"href":"https:\/\/pldaldia.com\/portada\/wp-json\/wp\/v2\/posts\/12655"}],"collection":[{"href":"https:\/\/pldaldia.com\/portada\/wp-json\/wp\/v2\/posts"}],"about":[{"href":"https:\/\/pldaldia.com\/portada\/wp-json\/wp\/v2\/types\/post"}],"author":[{"embeddable":true,"href":"https:\/\/pldaldia.com\/portada\/wp-json\/wp\/v2\/users\/1"}],"replies":[{"embeddable":true,"href":"https:\/\/pldaldia.com\/portada\/wp-json\/wp\/v2\/comments?post=12655"}],"version-history":[{"count":0,"href":"https:\/\/pldaldia.com\/portada\/wp-json\/wp\/v2\/posts\/12655\/revisions"}],"wp:attachment":[{"href":"https:\/\/pldaldia.com\/portada\/wp-json\/wp\/v2\/media?parent=12655"}],"wp:term":[{"taxonomy":"category","embeddable":true,"href":"https:\/\/pldaldia.com\/portada\/wp-json\/wp\/v2\/categories?post=12655"},{"taxonomy":"post_tag","embeddable":true,"href":"https:\/\/pldaldia.com\/portada\/wp-json\/wp\/v2\/tags?post=12655"}],"curies":[{"name":"wp","href":"https:\/\/api.w.org\/{rel}","templated":true}]}}